{"id":12136,"date":"2014-07-24T09:11:18","date_gmt":"2014-07-24T12:11:18","guid":{"rendered":"http:\/\/argentinamunicipal.com.ar\/argentina\/?p=12136"},"modified":"2014-07-24T09:11:18","modified_gmt":"2014-07-24T12:11:18","slug":"la-pobreza-afecta-a-2-200-millones-de-personas-segun-informe-de-la-onu","status":"publish","type":"post","link":"http:\/\/argentinamunicipal.com.ar\/argentina\/la-pobreza-afecta-a-2-200-millones-de-personas-segun-informe-de-la-onu\/","title":{"rendered":"La pobreza afecta a 2.200 millones de personas, seg\u00fan informe de la ONU"},"content":{"rendered":"<p><a href=\"http:\/\/argentinamunicipal.com.ar\/argentina\/wp-content\/uploads\/2014\/07\/POBREZA.jpg\"><img loading=\"lazy\" decoding=\"async\" class=\"aligncenter  wp-image-12137\" src=\"http:\/\/argentinamunicipal.com.ar\/argentina\/wp-content\/uploads\/2014\/07\/POBREZA.jpg\" alt=\"POBREZA\" width=\"678\" height=\"508\" srcset=\"http:\/\/argentinamunicipal.com.ar\/argentina\/wp-content\/uploads\/2014\/07\/POBREZA.jpg 2432w, http:\/\/argentinamunicipal.com.ar\/argentina\/wp-content\/uploads\/2014\/07\/POBREZA-300x225.jpg 300w, http:\/\/argentinamunicipal.com.ar\/argentina\/wp-content\/uploads\/2014\/07\/POBREZA-1024x768.jpg 1024w\" sizes=\"auto, (max-width: 678px) 100vw, 678px\" \/><\/a><br \/>\nAdem\u00e1s, unos 1.500 millones de trabajadores o la mitad de la fuerza laboral mundial tienen puestos de trabajo \u00abinformales o precarios\u00bb, mientras que el 80 % de la poblaci\u00f3n carece de sistema de pensiones y de seguro de desempleo.<\/p>\n<p>El Informe de Desarrollo Humano 2014 elaborado por el Programa de Naciones Unidas para el Desarrollo (PNUD) alerta sobre una \u00abpersistencia de vulnerabilidades\u00bb que minan la mejora de las condiciones de vida a nivel global, y formula recomendaciones pol\u00edticas para lograr un \u00abdesarrollo humano sostenible\u00bb. Son 2.200 millones de personas las que padecen la pobreza.<\/p>\n<p>Unos 1.500 millones de personas sufren \u00abpobreza multidimensional\u00bb en 91 pa\u00edses en v\u00edas de desarrollo, es decir, padecen privaciones en las \u00e1reas de sanidad, educaci\u00f3n y \u00abest\u00e1ndares b\u00e1sicos de vida\u00bb, seg\u00fan el documento.<\/p>\n<p>Este medidor de pobreza del PNUD se elabora cruzando datos sobre mortalidad infantil, nutrici\u00f3n, escolarizaci\u00f3n y sobre acceso a saneamiento, electricidad, alojamiento y agua potable, y difiere de otros indicadores basados en el nivel de ingresos.<\/p>\n<p>Entre las personas afectadas por la pobreza, 842 millones padecen hambruna cr\u00f3nica, un 12 por ciento de la poblaci\u00f3n mundial, destaca el documento presentado este jueves en Tokio por la administradora del PNUD, Helen Clark, y el primer ministro nip\u00f3n, Shinzo Abe.<\/p>\n<p>Otros 800 millones de personas -el 15 por ciento de la poblaci\u00f3n mundial- se encuentran \u00aben riesgo de pobreza\u00bb, seg\u00fan los datos del informe, que no obstante destaca los \u00abrecientes progresos logrados en la reducci\u00f3n de la pobreza a nivel global\u00bb.<\/p>\n<p>Adem\u00e1s, unos 1.500 millones de trabajadores o la mitad de la fuerza laboral mundial tienen puestos de trabajo \u00abinformales o precarios\u00bb, mientras que el 80 por ciento de la poblaci\u00f3n de todo el mundo carece de sistema de pensiones y de seguro de desempleo.<\/p>\n<p>Estos datos reflejan una ralentizaci\u00f3n del \u00edndice de desarrollo humano en todas las regiones (IDH), lo que el PNUD achaca a las \u00abcrisis financieras, fluctuaciones de los precios de la comida, desastres naturales y conflictos violentos\u00bb.<\/p>\n<p>Ante esta situaci\u00f3n, el PNUD defiende \u00abel acceso universal a servicios b\u00e1sicos de protecci\u00f3n social\u00bb tanto en los pa\u00edses ricos como en aquellos en v\u00edas de desarrollo, con objeto de \u00abaumentar la resistencia de los grupos de poblaci\u00f3n m\u00e1s vulnerables\u00bb ante factores negativos externos como los antes citadas.<\/p>\n<p>Tambi\u00e9n reclama a los Gobiernos de todo el mundo que \u00abrecuperen\u00bb el objetivo del pleno empleo, una estrategia habitual en las agendas macroecon\u00f3micas de las d\u00e9cadas de 1950 y de 1960 y abandonada tras las crisis del petr\u00f3leo de los a\u00f1os 70, seg\u00fan el documento del programa de Naciones Unidas.<\/p>\n<h6>Fuente: El Once<\/h6>\n","protected":false},"excerpt":{"rendered":"<p>Adem\u00e1s, unos 1.500 millones de trabajadores o la mitad de la fuerza laboral mundial tienen puestos de trabajo \u00abinformales o precarios\u00bb, mientras que el 80 % de la poblaci\u00f3n carece de sistema de pensiones y de seguro de desempleo. El Informe de Desarrollo Humano 2014 elaborado por el Programa de Naciones Unidas para el Desarrollo<\/p>\n","protected":false},"author":2,"featured_media":12137,"comment_status":"closed","ping_status":"closed","sticky":false,"template":"","format":"standard","meta":{"footnotes":""},"categories":[22],"tags":[57],"class_list":["post-12136","post","type-post","status-publish","format-standard","has-post-thumbnail","hentry","category-el-mundo","tag-el-mundo"],"_links":{"self":[{"href":"http:\/\/argentinamunicipal.com.ar\/argentina\/wp-json\/wp\/v2\/posts\/12136","targetHints":{"allow":["GET"]}}],"collection":[{"href":"http:\/\/argentinamunicipal.com.ar\/argentina\/wp-json\/wp\/v2\/posts"}],"about":[{"href":"http:\/\/argentinamunicipal.com.ar\/argentina\/wp-json\/wp\/v2\/types\/post"}],"author":[{"embeddable":true,"href":"http:\/\/argentinamunicipal.com.ar\/argentina\/wp-json\/wp\/v2\/users\/2"}],"replies":[{"embeddable":true,"href":"http:\/\/argentinamunicipal.com.ar\/argentina\/wp-json\/wp\/v2\/comments?post=12136"}],"version-history":[{"count":0,"href":"http:\/\/argentinamunicipal.com.ar\/argentina\/wp-json\/wp\/v2\/posts\/12136\/revisions"}],"wp:featuredmedia":[{"embeddable":true,"href":"http:\/\/argentinamunicipal.com.ar\/argentina\/wp-json\/wp\/v2\/media\/12137"}],"wp:attachment":[{"href":"http:\/\/argentinamunicipal.com.ar\/argentina\/wp-json\/wp\/v2\/media?parent=12136"}],"wp:term":[{"taxonomy":"category","embeddable":true,"href":"http:\/\/argentinamunicipal.com.ar\/argentina\/wp-json\/wp\/v2\/categories?post=12136"},{"taxonomy":"post_tag","embeddable":true,"href":"http:\/\/argentinamunicipal.com.ar\/argentina\/wp-json\/wp\/v2\/tags?post=12136"}],"curies":[{"name":"wp","href":"https:\/\/api.w.org\/{rel}","templated":true}]}}