{"id":121365,"date":"2021-12-13T06:38:28","date_gmt":"2021-12-13T09:38:28","guid":{"rendered":"http:\/\/argentinamunicipal.com.ar\/argentina\/?p=121365"},"modified":"2021-12-13T06:38:28","modified_gmt":"2021-12-13T09:38:28","slug":"lanzan-un-programa-de-comunidades-digitales-para-400-jovenes-de-los-barrios-rosarinos","status":"publish","type":"post","link":"http:\/\/argentinamunicipal.com.ar\/argentina\/lanzan-un-programa-de-comunidades-digitales-para-400-jovenes-de-los-barrios-rosarinos\/","title":{"rendered":"Lanzan un programa de Comunidades digitales para 400 j\u00f3venes de los barrios rosarinos"},"content":{"rendered":"<p>El programa formado por el Nueva Oportunidad, la Asociaci\u00f3n Nodo Tau y el Polo Tecnol\u00f3gico se presenta este lunes<\/p>\n<p>Con requisitos m\u00ednimos, que los chicos est\u00e9n alfabetizados y tengan el nivel primario hecho, el\u00a0Programa de Comunidades Digitales\u00a0busca alcanzar a la poblaci\u00f3n de\u00a0j\u00f3venes\u00a0de menos recursos, esos que la brecha digital deja afuera del sistema escolar y el mundo laboral incluso informal. Ya dando los primeros pasos en algunos de los barrios, la propuesta en la que convergen el municipio a trav\u00e9s del\u00a0Nueva Oportunidad, el Polo Tecnol\u00f3gico y la Asociaci\u00f3n\u00a0Nodo Tau\u00a0se presentar\u00e1 formalmente\u00a0hoy, a la 11, en el Polo Tecnol\u00f3gico (Lamadrid 470).<br \/>\nGarantizar el acceso a la inclusi\u00f3n digital, educativa y cultural de j\u00f3venes a trav\u00e9s del equipamiento, capacitaci\u00f3n y formaci\u00f3n de puntos de acceso tecnol\u00f3gico en espacios comunitarios es el objetivo central de la alianza tejida entre la ONG el Estado y las empresas.<\/p>\n<p>Con la experiencia ya marchando en algunos espacios, como la zona oeste, donde una veintena de chicos trabajaron a lo largo de este a\u00f1o para terminar el secundario ahora, de cara al 2022, se lanza y propone nuevas metas.<\/p>\n<p>Alcanzar el equipamiento y la conectividad de por lo menos 30 espacios comunitarios o estatales para fines de 2022, capacitar a 450 j\u00f3venes en aspectos de formaci\u00f3n que reduzcan la brecha digital y facilitar el acceso al mundo laboral\u00a0mediante la capacitaci\u00f3n en las nuevas tecnolog\u00edas son esos objetivos planteados.<\/p>\n<p>Una experiencia en marcha<br \/>\nDe las 30 islas digitales previstas para el 2022,\u00a018 ya comenzaron a funcionar\u00a0y una de ellas, en el oeste de la ciudad, ancl\u00f3 su trabajo en el Dispositivo Integral de Abordaje Territorial (Diat) de bulevar Segu\u00ed al 5400, justo al lado del Polideportivo Deliot.<\/p>\n<p>Hasta all\u00ed van tres veces por semana adolescentes y\u00a0j\u00f3venes de los barrios Toba, Poror\u00f3, La Lagunita y Bella Vista Oeste, todos nucleados en la Escuela de Ense\u00f1anza Media para Adultos N\u00ba 1.330, que cursan virtualmente y donde ya tienen planeado sumar espacios de literatura y escritura.<\/p>\n<p>Luciano Vigoni, director del Nueva Oportunidad, que es nada menos que el enlace con las organizaciones para que los chicos lleguen a esos espacios, se\u00f1al\u00f3 la centralidad de \u201ctener garantizados los dispositivos y la conectividad, algo que en la mayor\u00eda de los casos no sucede en sus casas por falta de recursos, pero adem\u00e1s porque sostiene el rol de los acompa\u00f1antes a la hora de poder llevar adelante el tr\u00e1nsito por la escuela y espacios de formaci\u00f3n, algo que en estos casos es tan fundamental como las herramientas tecnol\u00f3gicas\u201d.<\/p>\n<p>De hecho, tanto Vigoni como los coordinadores de los espacios, se\u00f1alan que los requisitos son muy b\u00e1sicos: estar alfabetizados y tener el primario terminado. \u201cSe trata sobre todo de que puedan llevar adelante un trabajo colectivo y en un punto de cercan\u00eda de su casa y de su barrio\u201d, indicaron y destacaron una y otra vez que \u201cse trata de espacios donde lo que se construye es colectivo y se hace hincapi\u00e9 en la vinculaci\u00f3n con otros\u201d.<\/p>\n<p>Un programa tripartito<br \/>\nLa presentaci\u00f3n del programa busca de alg\u00fan modo formalizar las metas que para el 2022 se propusieron las tres patas que conforman el espacio, Estado, Polo Tecnol\u00f3gico y Nodo Tau, cada uno con un rol claro y definido.<\/p>\n<p>Mientras que el municipio a trav\u00e9s del\u00a0Nueva Oportunidad funciona de enlace con los j\u00f3venes y adolescentes, as\u00ed como aporta algunos de los espacios donde los dispositivos se instalan, el Nodo Tau a trav\u00e9s de su planta de reciclaje de residuos inform\u00e1ticos ser\u00e1 quien pondr\u00e1 en condiciones equipos para desarrollar el trabajo y se encargar\u00e1 del mantenimiento, garantizando la conectividad y el funcionamiento.<\/p>\n<p>El\u00a0Polo Tecnol\u00f3gico, en tanto, es quien promueve la participaci\u00f3n de sus empresas asociadas al programa\u00a0y sensibiliza en el rol social de las mismas, incentiva a la donaci\u00f3n de equipamiento en desuso y colabora en el dise\u00f1o de los planes de capacitaci\u00f3n y su dictado.<\/p>\n<h6>Fuente: La Capital<\/h6>\n","protected":false},"excerpt":{"rendered":"<p>El programa formado por el Nueva Oportunidad, la Asociaci\u00f3n Nodo Tau y el Polo Tecnol\u00f3gico se presenta este lunes<\/p>\n","protected":false},"author":2,"featured_media":121366,"comment_status":"closed","ping_status":"closed","sticky":false,"template":"","format":"standard","meta":{"footnotes":""},"categories":[2],"tags":[10],"class_list":["post-121365","post","type-post","status-publish","format-standard","has-post-thumbnail","hentry","category-informe-municipal","tag-santa-fe"],"_links":{"self":[{"href":"http:\/\/argentinamunicipal.com.ar\/argentina\/wp-json\/wp\/v2\/posts\/121365","targetHints":{"allow":["GET"]}}],"collection":[{"href":"http:\/\/argentinamunicipal.com.ar\/argentina\/wp-json\/wp\/v2\/posts"}],"about":[{"href":"http:\/\/argentinamunicipal.com.ar\/argentina\/wp-json\/wp\/v2\/types\/post"}],"author":[{"embeddable":true,"href":"http:\/\/argentinamunicipal.com.ar\/argentina\/wp-json\/wp\/v2\/users\/2"}],"replies":[{"embeddable":true,"href":"http:\/\/argentinamunicipal.com.ar\/argentina\/wp-json\/wp\/v2\/comments?post=121365"}],"version-history":[{"count":0,"href":"http:\/\/argentinamunicipal.com.ar\/argentina\/wp-json\/wp\/v2\/posts\/121365\/revisions"}],"wp:featuredmedia":[{"embeddable":true,"href":"http:\/\/argentinamunicipal.com.ar\/argentina\/wp-json\/wp\/v2\/media\/121366"}],"wp:attachment":[{"href":"http:\/\/argentinamunicipal.com.ar\/argentina\/wp-json\/wp\/v2\/media?parent=121365"}],"wp:term":[{"taxonomy":"category","embeddable":true,"href":"http:\/\/argentinamunicipal.com.ar\/argentina\/wp-json\/wp\/v2\/categories?post=121365"},{"taxonomy":"post_tag","embeddable":true,"href":"http:\/\/argentinamunicipal.com.ar\/argentina\/wp-json\/wp\/v2\/tags?post=121365"}],"curies":[{"name":"wp","href":"https:\/\/api.w.org\/{rel}","templated":true}]}}