{"id":121385,"date":"2021-12-13T20:02:14","date_gmt":"2021-12-13T23:02:14","guid":{"rendered":"http:\/\/argentinamunicipal.com.ar\/argentina\/?p=121385"},"modified":"2021-12-13T20:02:14","modified_gmt":"2021-12-13T23:02:14","slug":"historico-las-mujeres-coparon-las-bancas-del-concejo-de-sastre","status":"publish","type":"post","link":"http:\/\/argentinamunicipal.com.ar\/argentina\/historico-las-mujeres-coparon-las-bancas-del-concejo-de-sastre\/","title":{"rendered":"Hist\u00f3rico: las mujeres coparon las bancas del Concejo de Sastre"},"content":{"rendered":"<p>La sala Ra\u00fal Cragnolino por primera vez tendr\u00e1 el predominio de las bancas en manos del sector femenino, quienes ocupar\u00e1n cuatro de los seis lugares. El pasado viernes entraron en funciones ediles electos en noviembre.<\/p>\n<p>Las mujeres coparon las bancas del Concejo de Sastre gracias al voto de los comicios generales del 14 de noviembre. Luego de la asunci\u00f3n a sus cargos del \u00faltimo viernes 10, finalmente qued\u00f3 conformado el nuevo cuerpo legislativo de la cabecera del departamento San Mart\u00edn. Son cuatro espacios ocupados por el sector femenino -de distintas fuerzas pol\u00edticas- y las dos restantes por hombres. Es la primera vez que ocurre en la ciudad.<\/p>\n<p>Este viernes \u00faltimo juraron quienes fueron electos el mes pasado. Y con la salida de Rub\u00e9n Bustamante (Juntos por el Cambio) y Oscar Cagliero (Frente Progresista), a partir de este momento la superioridad de mujeres dentro del recinto es notable. Desde ahora y hasta 2023, la sala Ra\u00fal Cragnolino tendr\u00e1 cuatro bancas femeninas: Elisabet Bonino y Cintia Palma, ambas de Juntos por el Cambio, junto a Lorena Carabelli e Ivana Di Pasqua, de la Uni\u00f3n C\u00edvica Radical. A su vez, dos hombres ocupar\u00e1n los espacios restantes: Leandro Baravalle (JxC) y Sergio Balbi (justicialismo).<\/p>\n<p>Reci\u00e9n asumida, Cintia Palma celebr\u00f3 la nueva conformaci\u00f3n del cuerpo y destac\u00f3 el avance del g\u00e9nero femenino en cargos pol\u00edticos. \u201cEs algo muy positivo. Las mujeres tienen un rol fundamental. Que la gente nos haya apoyado es importante. Tenemos otra perspectiva, podemos priorizar otras ideas\u201d, desliz\u00f3 en di\u00e1logo con este medio.<\/p>\n<p>Tambi\u00e9n consider\u00f3 que esta nueva conformaci\u00f3n abre la posibilidad de que el g\u00e9nero sume un papel con mayor empuje que a\u00f1os atr\u00e1s. \u201cLe da a la mujer una imagen m\u00e1s fuerte. Actualmente hay mucho para trabajar sobre perspectiva e igualdad a nivel local\u201d, remarc\u00f3 la edil de Juntos por el Cambio.<\/p>\n<p>Por su parte, otra de las concejalas que entr\u00f3 en funciones d\u00edas atr\u00e1s, Ivana Di Pasqua, sostuvo que el rol de la mujer es fundamental en este presente. \u00abHoy estamos igualadas en g\u00e9nero. Debemos trabajar, se puede llegar a todo tipo de cargos. Est\u00e1 demostrado que podemos convivir juntos y de manera igual con los hombres\u201d.<\/p>\n<p>La edila tambi\u00e9n destac\u00f3 que el cupo de paridad fue clave para que las mujeres logren acceder con m\u00e1s fuerza a funciones sociales. \u00abTenemos un rol preponderante en la pol\u00edtica y los cargos de poder. Hoy llegamos y vamos a representar una parte de la sociedad que antes no estaba\u00bb, puntualiz\u00f3.<\/p>\n<h6>Fuente: El Litoral<\/h6>\n","protected":false},"excerpt":{"rendered":"<p>La sala Ra\u00fal Cragnolino por primera vez tendr\u00e1 el predominio de las bancas en manos del sector femenino, quienes ocupar\u00e1n cuatro de los seis lugares. El pasado viernes entraron en funciones ediles electos en noviembre.<\/p>\n","protected":false},"author":2,"featured_media":121386,"comment_status":"closed","ping_status":"closed","sticky":false,"template":"","format":"standard","meta":{"footnotes":""},"categories":[2],"tags":[10],"class_list":["post-121385","post","type-post","status-publish","format-standard","has-post-thumbnail","hentry","category-informe-municipal","tag-santa-fe"],"_links":{"self":[{"href":"http:\/\/argentinamunicipal.com.ar\/argentina\/wp-json\/wp\/v2\/posts\/121385","targetHints":{"allow":["GET"]}}],"collection":[{"href":"http:\/\/argentinamunicipal.com.ar\/argentina\/wp-json\/wp\/v2\/posts"}],"about":[{"href":"http:\/\/argentinamunicipal.com.ar\/argentina\/wp-json\/wp\/v2\/types\/post"}],"author":[{"embeddable":true,"href":"http:\/\/argentinamunicipal.com.ar\/argentina\/wp-json\/wp\/v2\/users\/2"}],"replies":[{"embeddable":true,"href":"http:\/\/argentinamunicipal.com.ar\/argentina\/wp-json\/wp\/v2\/comments?post=121385"}],"version-history":[{"count":0,"href":"http:\/\/argentinamunicipal.com.ar\/argentina\/wp-json\/wp\/v2\/posts\/121385\/revisions"}],"wp:featuredmedia":[{"embeddable":true,"href":"http:\/\/argentinamunicipal.com.ar\/argentina\/wp-json\/wp\/v2\/media\/121386"}],"wp:attachment":[{"href":"http:\/\/argentinamunicipal.com.ar\/argentina\/wp-json\/wp\/v2\/media?parent=121385"}],"wp:term":[{"taxonomy":"category","embeddable":true,"href":"http:\/\/argentinamunicipal.com.ar\/argentina\/wp-json\/wp\/v2\/categories?post=121385"},{"taxonomy":"post_tag","embeddable":true,"href":"http:\/\/argentinamunicipal.com.ar\/argentina\/wp-json\/wp\/v2\/tags?post=121385"}],"curies":[{"name":"wp","href":"https:\/\/api.w.org\/{rel}","templated":true}]}}