{"id":1215,"date":"2014-02-16T18:50:16","date_gmt":"2014-02-16T21:50:16","guid":{"rendered":"http:\/\/argentinamunicipal.com.ar\/argentina\/?p=1215"},"modified":"2014-02-16T18:51:01","modified_gmt":"2014-02-16T21:51:01","slug":"festramco-ira-a-gobierno-por-los-descuentos-y-el-retaceo-de-recursos","status":"publish","type":"post","link":"http:\/\/argentinamunicipal.com.ar\/argentina\/festramco-ira-a-gobierno-por-los-descuentos-y-el-retaceo-de-recursos\/","title":{"rendered":"FESTRAMCO ir\u00e1 a Gobierno por los descuentos y el retaceo de recursos"},"content":{"rendered":"<p><a href=\"http:\/\/argentinamunicipal.com.ar\/argentina\/wp-content\/uploads\/2014\/02\/ElLitoral_186857_700x419.jpg\"><img loading=\"lazy\" decoding=\"async\" class=\"aligncenter size-full wp-image-1216\" alt=\"ElLitoral_186857_700x419\" src=\"http:\/\/argentinamunicipal.com.ar\/argentina\/wp-content\/uploads\/2014\/02\/ElLitoral_186857_700x419.jpg\" width=\"700\" height=\"480\" srcset=\"http:\/\/argentinamunicipal.com.ar\/argentina\/wp-content\/uploads\/2014\/02\/ElLitoral_186857_700x419.jpg 700w, http:\/\/argentinamunicipal.com.ar\/argentina\/wp-content\/uploads\/2014\/02\/ElLitoral_186857_700x419-300x205.jpg 300w\" sizes=\"auto, (max-width: 700px) 100vw, 700px\" \/><\/a><\/p>\n<p>El viernes 21, los municipales de la Provincia de Corrientes, buscar\u00e1n a los funcionarios responsables para pedirles explicaci\u00f3n acerca del descuento de los fondos coparticipables. Tambi\u00e9n quieren saber por qu\u00e9 la Provincia a\u00fan no refinancia las deudas de las comunas en esa situaci\u00f3n, siguiendo el ejemplo de la Naci\u00f3n.<\/p>\n<p>La Federaci\u00f3n de Sindicatos de Trabajadores Municipales de Corrientes (Festramco) concluy\u00f3 ayer, luego de la primera reuni\u00f3n ordinaria del Consejo Directivo y Plenario de Secretarios Generales de la entidad sindical, requerir al Gobierno de Corrientes toda la informaci\u00f3n relacionada con los motivos que sustenta el retaceo de recursos coparticipables y el descuento compulsivo que sufren algunos municipios; adem\u00e1s de la negativa oficial de refinanciar deudas tal cual hizo la Naci\u00f3n con la Provincia.<\/p>\n<p>Ante esta situaci\u00f3n, ir\u00e1n la semana que viene a la Casa de Gobierno a buscar a los funcionarios o incluso al Gobernador, si es que \u00e9l tiene las respuestas para estos planteos.<\/p>\n<p>Fue lo que debatieron ayer los representantes de unas 20 organizaciones sindicales de la provincia, luego de analizar los inconvenientes que se plantean -por esta situaci\u00f3n de incertidumbre- en las discusiones salariales que habitualmente se llevan a cabo a principios de a\u00f1o en mesas de relaciones laborales o en las comisiones paritarias que se encuentran en funcionamiento.<\/p>\n<p>B\u00e1sicamente, las trabas en las negociaciones, tienen que ver con los descuentos que se operan en la coparticipaci\u00f3n de los municipios, a veces sin notificaci\u00f3n alguna. Por esta raz\u00f3n, los trabajadores agremiados decidieron presentarse el viernes 21 de febrero de 2014 en Casa de Gobierno \u201ca los efectos de requerir una explicaci\u00f3n concreta a los responsables provinciales por tal situaci\u00f3n que tanto da\u00f1a a los municipios y a sus trabajadores en forma particular\u201d.<\/p>\n<p>\u201cLa no refinanciaci\u00f3n de las deudas de los municipios cuando la Naci\u00f3n ya procedi\u00f3 a refinanciar las provinciales; el descuento compulsivo a partir del mes de diciembre de 2013 de adelantos de coparticipaci\u00f3n solicitados por algunos municipios (por ejemplo, Mercedes, Loreto y Paso de los Libres) en \u00e9pocas de campa\u00f1a electoral; la permanente amenaza de utilizaci\u00f3n de cuasimonedas o bonos -como los mal recordados Cecacor- para pagar los sueldos de los trabajadores, entre otros temas, forman parte de la preocupaci\u00f3n cotidiana de los trabajadores municipales de Corrientes y consideramos nuestro derecho peticionar ante las autoridades provinciales que administran esos recursos\u201d.<\/p>\n<p>Seg\u00fan se inform\u00f3, la moci\u00f3n fue aprobada por unanimidad de los presentes, encomend\u00e1ndose al secretario adjunto, a cargo de Festramco, Jorge Molina, hacer las presentaciones correspondientes y solicitar el acompa\u00f1amiento de las organizaciones sindicales del sector p\u00fablico de la Provincia el d\u00eda previsto para la visita.<\/p>\n<h6>Fuente: El Litoral de Corrientes<\/h6>\n","protected":false},"excerpt":{"rendered":"<p>El viernes 21, los municipales de la Provincia de Corrientes, buscar\u00e1n a los funcionarios responsables para pedirles explicaci\u00f3n acerca del descuento de los fondos coparticipables. Tambi\u00e9n quieren saber por qu\u00e9 la Provincia a\u00fan no refinancia las deudas de las comunas en esa situaci\u00f3n, siguiendo el ejemplo de la Naci\u00f3n. La Federaci\u00f3n de Sindicatos de Trabajadores<\/p>\n","protected":false},"author":1,"featured_media":1216,"comment_status":"closed","ping_status":"closed","sticky":false,"template":"","format":"standard","meta":{"footnotes":""},"categories":[7],"tags":[13],"class_list":["post-1215","post","type-post","status-publish","format-standard","has-post-thumbnail","hentry","category-informe-sindical","tag-corrientes"],"_links":{"self":[{"href":"http:\/\/argentinamunicipal.com.ar\/argentina\/wp-json\/wp\/v2\/posts\/1215","targetHints":{"allow":["GET"]}}],"collection":[{"href":"http:\/\/argentinamunicipal.com.ar\/argentina\/wp-json\/wp\/v2\/posts"}],"about":[{"href":"http:\/\/argentinamunicipal.com.ar\/argentina\/wp-json\/wp\/v2\/types\/post"}],"author":[{"embeddable":true,"href":"http:\/\/argentinamunicipal.com.ar\/argentina\/wp-json\/wp\/v2\/users\/1"}],"replies":[{"embeddable":true,"href":"http:\/\/argentinamunicipal.com.ar\/argentina\/wp-json\/wp\/v2\/comments?post=1215"}],"version-history":[{"count":0,"href":"http:\/\/argentinamunicipal.com.ar\/argentina\/wp-json\/wp\/v2\/posts\/1215\/revisions"}],"wp:featuredmedia":[{"embeddable":true,"href":"http:\/\/argentinamunicipal.com.ar\/argentina\/wp-json\/wp\/v2\/media\/1216"}],"wp:attachment":[{"href":"http:\/\/argentinamunicipal.com.ar\/argentina\/wp-json\/wp\/v2\/media?parent=1215"}],"wp:term":[{"taxonomy":"category","embeddable":true,"href":"http:\/\/argentinamunicipal.com.ar\/argentina\/wp-json\/wp\/v2\/categories?post=1215"},{"taxonomy":"post_tag","embeddable":true,"href":"http:\/\/argentinamunicipal.com.ar\/argentina\/wp-json\/wp\/v2\/tags?post=1215"}],"curies":[{"name":"wp","href":"https:\/\/api.w.org\/{rel}","templated":true}]}}