{"id":12151,"date":"2014-07-24T09:52:08","date_gmt":"2014-07-24T12:52:08","guid":{"rendered":"http:\/\/argentinamunicipal.com.ar\/argentina\/?p=12151"},"modified":"2014-07-24T09:52:08","modified_gmt":"2014-07-24T12:52:08","slug":"bariloche-la-planta-de-reciclado-cada-vez-mas-cerca","status":"publish","type":"post","link":"http:\/\/argentinamunicipal.com.ar\/argentina\/bariloche-la-planta-de-reciclado-cada-vez-mas-cerca\/","title":{"rendered":"Bariloche: La planta de reciclado, cada vez m\u00e1s cerca"},"content":{"rendered":"<p><a href=\"http:\/\/argentinamunicipal.com.ar\/argentina\/wp-content\/uploads\/2014\/07\/big_1a676a839cb69f3aa91c360fd3b9779db05a4b1c.jpg\"><img loading=\"lazy\" decoding=\"async\" class=\"aligncenter size-full wp-image-12152\" src=\"http:\/\/argentinamunicipal.com.ar\/argentina\/wp-content\/uploads\/2014\/07\/big_1a676a839cb69f3aa91c360fd3b9779db05a4b1c.jpg\" alt=\"big_1a676a839cb69f3aa91c360fd3b9779db05a4b1c\" width=\"660\" height=\"495\" srcset=\"http:\/\/argentinamunicipal.com.ar\/argentina\/wp-content\/uploads\/2014\/07\/big_1a676a839cb69f3aa91c360fd3b9779db05a4b1c.jpg 660w, http:\/\/argentinamunicipal.com.ar\/argentina\/wp-content\/uploads\/2014\/07\/big_1a676a839cb69f3aa91c360fd3b9779db05a4b1c-300x225.jpg 300w\" sizes=\"auto, (max-width: 660px) 100vw, 660px\" \/><\/a><\/p>\n<p>Esperan que la obra est\u00e9 lista para septiembre. La nueva planta permitir\u00e1 reducir la contaminaci\u00f3n en la ciudad y mejorar la calidad de vida de todos los ciudadanos.<\/p>\n<p>El ahelo de los trabajadores de la Asociaci\u00f3n Recicladores Bariloche pareciera estar a punto de cumplirse. La planta de clasificaci\u00f3n que se construye en el vertedero est\u00e1 a punto de finalizarse. La obra permitir\u00e1 mejorar la calidad de vida de los recicladores, y de todos los barilochenses.<\/p>\n<p>Las obras, que tienen un monto de 90 mil pesos, fueron financiadas por el Banco Interamericano de Desarrollo y por el Gobierno Nacional.<\/p>\n<p>Las nuevas obras permitir\u00e1n que los recicladores, que hace una d\u00e9cada trabajan clasificando basura, puedan mejorar sus condiciones laborales. Adem\u00e1s, toda la comunidad se ver\u00e1 beneficiada por las ventajas que genera la clasificaci\u00f3n de basura org\u00e1nica e inorg\u00e1nica (o h\u00fameda y seca) que es una responsabilidad de todos y que afortunadamente cada vez m\u00e1s gente pone en pr\u00e1ctica.<\/p>\n<p>Ya se encuentran en el predio del vertedero, la balanza, la cinta transportadora longitudinal (l\u00ednea de montaje), los carros volcadores que se utilizar\u00e1n en el proceso de separaci\u00f3n, las prensas de compresi\u00f3n y los boxes de acopio. El galp\u00f3n principal est\u00e1 ya recibiendo cerramientos y detalles de terminaci\u00f3n, y en la actualidad est\u00e1n culminando de hormigonar el sector para el montaje de los equipos y motores de la planta. Paralelamente, la empresa Deisa est\u00e1 trabajando en la instalaci\u00f3n de la zona de compostaje, humedales, silobolsas y c\u00e1mara s\u00e9ptica para lixiviados.<\/p>\n<p>La obra en construcci\u00f3n fue visitada este mi\u00e9rcoles por la intendente Mar\u00eda Eugenia Martini, el senador Miguel \u00c1ngel Pichetto y el ministro de Turismo de la Naci\u00f3n, Carlos Enrique Meyer.<\/p>\n<p>Martini consider\u00f3 que se trata de un paso hist\u00f3rico para la ciudad, porque \u201cvamos a terminar con el mayor foco de contaminaci\u00f3n de la ciudad, que afecta principalmente a los vecinos de la zona por los olores y el humo, pero tambi\u00e9n a todos los dem\u00e1s, por la contaminaci\u00f3n del medio ambiente y de las napas\u201d.<\/p>\n<p>Junto a Zulema Morales -presidente de la ARB- la intendente valor\u00f3 que \u201cesta planta es un sue\u00f1o hecho realidad, que va a mejorar las condiciones laborales de nuestros recicladores, porque la clasificaci\u00f3n la har\u00e1n bajo techo, con cintas transportadoras y mejores condiciones de higiene\u201d, ya que el espacio incluye no s\u00f3lo el edificio principal en el que se encontrar\u00e1n las l\u00edneas de montaje para transportar los residuos por el interior de la plata, sino tambi\u00e9n instalaciones de oficinas y vestuarios con duchas y lockers para los trabajadores.<\/p>\n<p>La recorrida cont\u00f3 con el acompa\u00f1amiento del presidente de la Legislatura, Ariel Rivero, el legislador Marcos Catal\u00e1n, funcionarios municipales, concejales y representantes de las juntas vecinales de la zona.<\/p>\n<h6>Fuente: Bariloche 2000<\/h6>\n","protected":false},"excerpt":{"rendered":"<p>Esperan que la obra est\u00e9 lista para septiembre. La nueva planta permitir\u00e1 reducir la contaminaci\u00f3n en la ciudad y mejorar la calidad de vida de todos los ciudadanos. El ahelo de los trabajadores de la Asociaci\u00f3n Recicladores Bariloche pareciera estar a punto de cumplirse. La planta de clasificaci\u00f3n que se construye en el vertedero est\u00e1<\/p>\n","protected":false},"author":2,"featured_media":12152,"comment_status":"closed","ping_status":"closed","sticky":false,"template":"","format":"standard","meta":{"footnotes":""},"categories":[2],"tags":[11],"class_list":["post-12151","post","type-post","status-publish","format-standard","has-post-thumbnail","hentry","category-informe-municipal","tag-rio-negro"],"_links":{"self":[{"href":"http:\/\/argentinamunicipal.com.ar\/argentina\/wp-json\/wp\/v2\/posts\/12151","targetHints":{"allow":["GET"]}}],"collection":[{"href":"http:\/\/argentinamunicipal.com.ar\/argentina\/wp-json\/wp\/v2\/posts"}],"about":[{"href":"http:\/\/argentinamunicipal.com.ar\/argentina\/wp-json\/wp\/v2\/types\/post"}],"author":[{"embeddable":true,"href":"http:\/\/argentinamunicipal.com.ar\/argentina\/wp-json\/wp\/v2\/users\/2"}],"replies":[{"embeddable":true,"href":"http:\/\/argentinamunicipal.com.ar\/argentina\/wp-json\/wp\/v2\/comments?post=12151"}],"version-history":[{"count":0,"href":"http:\/\/argentinamunicipal.com.ar\/argentina\/wp-json\/wp\/v2\/posts\/12151\/revisions"}],"wp:featuredmedia":[{"embeddable":true,"href":"http:\/\/argentinamunicipal.com.ar\/argentina\/wp-json\/wp\/v2\/media\/12152"}],"wp:attachment":[{"href":"http:\/\/argentinamunicipal.com.ar\/argentina\/wp-json\/wp\/v2\/media?parent=12151"}],"wp:term":[{"taxonomy":"category","embeddable":true,"href":"http:\/\/argentinamunicipal.com.ar\/argentina\/wp-json\/wp\/v2\/categories?post=12151"},{"taxonomy":"post_tag","embeddable":true,"href":"http:\/\/argentinamunicipal.com.ar\/argentina\/wp-json\/wp\/v2\/tags?post=12151"}],"curies":[{"name":"wp","href":"https:\/\/api.w.org\/{rel}","templated":true}]}}