{"id":121523,"date":"2021-12-16T05:40:20","date_gmt":"2021-12-16T08:40:20","guid":{"rendered":"http:\/\/argentinamunicipal.com.ar\/argentina\/?p=121523"},"modified":"2021-12-16T06:12:57","modified_gmt":"2021-12-16T09:12:57","slug":"avance-laboral-cinco-mujeres-se-incorporan-a-la-cooperativa-de-maleteros-de-la-terminal","status":"publish","type":"post","link":"http:\/\/argentinamunicipal.com.ar\/argentina\/avance-laboral-cinco-mujeres-se-incorporan-a-la-cooperativa-de-maleteros-de-la-terminal\/","title":{"rendered":"Avance laboral: cinco mujeres se incorporan a la Cooperativa de Maleteros de la Terminal de Rosario"},"content":{"rendered":"<p>Son familiares de socios del emprendimiento laboral que fue reconocido oficialmente por ordenanza del Concejo Municipal principio de diciembre.<\/p>\n<p>Tres de las maleteras y sus compa\u00f1eros de la Cooperativa que trabajar\u00e1n en la Terminal de Omnibus.<br \/>\nLa flamante\u00a0Cooperativa\u00a0de\u00a0Maleteros\u00a0de la Terminal de Omnibus Mariano Moreno, creada recientemente mediante una ordenanza votada por el Concejo Municipal, incorpor\u00f3 a su plantel a cinco\u00a0mujeres,\u00a0que a partir de este mi\u00e9rcoles comenzar\u00e1n a trabajar a la par de sus compa\u00f1eros varones. La novedad ubicar\u00e1 a Rosario como una de las primeras de Sudam\u00e9rica en contar con mujeres en esa actividad dentro de una estaci\u00f3n de colectivos.<br \/>\nEn declaraciones al programa\u00a0\u201cTodos en La Ocho\u201d, dijo Fiorella -una de las referentes del nuevo cupo femenino de maleteras- este mi\u00e9rcoles: \u201cEsto es algo nuevo. Este siempre fue un \u00e1mbito de trabajo s\u00f3lo de hombres durante muchos a\u00f1os. El presidente de la Cooperativa, Jos\u00e9 Luis, tuvo esta idea de incorporar mujeres y la llev\u00f3 a cabo. Despu\u00e9s, la noticia se fue pasando de boca en boca. Digo eso porque las cinco somos familiares de hombres que trabajan ac\u00e1.\u201d<\/p>\n<p>Fiorella se\u00f1al\u00f3 que las postulante para maleteras ya mantuvieron una reuni\u00f3n con el presidente de la cooperativa en donde fueron informadas sobre los t\u00e9rminos en los que se desarrolla la actividad. \u201cLa verdad es que estamos muy contentas. En mi caso hace mucho tiempo que busco trabajo estable\u201d, agreg\u00f3.<\/p>\n<p>\u201cMi t\u00edo trabaja ac\u00e1 y cuando me coment\u00f3 sobre esta posibilidad, al principio me pareci\u00f3 raro. Ten\u00eda dudas sobre qu\u00e9 tipo de trabajos \u00edbamos a hacer. Nos capacitamos en base a pr\u00e1cticas. En los primeros d\u00edas estuvimos viendo c\u00f3mo se desempe\u00f1an los compa\u00f1eros de la Cooperativa y en c\u00f3mo se relacionaban con los pasajeros y as\u00ed fuimos aprendiendo\u201d, subray\u00f3.<\/p>\n<p>La incorporaci\u00f3n de mujeres se produce pocos d\u00edas despu\u00e9s de que el Concejo Municipal haya aprobado la formalizaci\u00f3n y regulaci\u00f3n de la actividad laboral de los maleteros que realizan tareas de carga y descarga de equipajes en la Terminal de Omnibus Mariano Moreno<\/p>\n<p>La nueva ordenanza expresa una reivindicaci\u00f3n hist\u00f3rica de los trabajadores del sector. \u201cHace 71 a\u00f1os se fund\u00f3 la Terminal de nuestra ciudad, desde entonces hasta la fecha los maleteros vivieron de la propina de los usuarios de los servicios de transporte de media y larga distancia: sin ingresos fijos, sin aportes, sin vacaciones pagas, sin derechos laborales de ning\u00fan tipo\u201d, se\u00f1al\u00f3 el edil Eduardo Toniolli -impulsor del proyecto de ordenanza- al momento de intervenir en el recinto del cuerpo legislativo local, y agreg\u00f3 que \u201csin embargo brindan un servicio que -seg\u00fan lo establece la resoluci\u00f3n 47\/95 de la Secretar\u00eda de Transporte de la Naci\u00f3n- debe estar a cargo de las empresas transportistas, y debe ser gratuita para los pasajeros\u201d.<\/p>\n<h6>Fuente: La Capital<\/h6>\n","protected":false},"excerpt":{"rendered":"<p>Son familiares de socios del emprendimiento laboral que fue reconocido oficialmente por ordenanza del Concejo Municipal principio de diciembre.<\/p>\n","protected":false},"author":2,"featured_media":121524,"comment_status":"closed","ping_status":"closed","sticky":false,"template":"","format":"standard","meta":{"footnotes":""},"categories":[2],"tags":[10],"class_list":["post-121523","post","type-post","status-publish","format-standard","has-post-thumbnail","hentry","category-informe-municipal","tag-santa-fe"],"_links":{"self":[{"href":"http:\/\/argentinamunicipal.com.ar\/argentina\/wp-json\/wp\/v2\/posts\/121523","targetHints":{"allow":["GET"]}}],"collection":[{"href":"http:\/\/argentinamunicipal.com.ar\/argentina\/wp-json\/wp\/v2\/posts"}],"about":[{"href":"http:\/\/argentinamunicipal.com.ar\/argentina\/wp-json\/wp\/v2\/types\/post"}],"author":[{"embeddable":true,"href":"http:\/\/argentinamunicipal.com.ar\/argentina\/wp-json\/wp\/v2\/users\/2"}],"replies":[{"embeddable":true,"href":"http:\/\/argentinamunicipal.com.ar\/argentina\/wp-json\/wp\/v2\/comments?post=121523"}],"version-history":[{"count":0,"href":"http:\/\/argentinamunicipal.com.ar\/argentina\/wp-json\/wp\/v2\/posts\/121523\/revisions"}],"wp:featuredmedia":[{"embeddable":true,"href":"http:\/\/argentinamunicipal.com.ar\/argentina\/wp-json\/wp\/v2\/media\/121524"}],"wp:attachment":[{"href":"http:\/\/argentinamunicipal.com.ar\/argentina\/wp-json\/wp\/v2\/media?parent=121523"}],"wp:term":[{"taxonomy":"category","embeddable":true,"href":"http:\/\/argentinamunicipal.com.ar\/argentina\/wp-json\/wp\/v2\/categories?post=121523"},{"taxonomy":"post_tag","embeddable":true,"href":"http:\/\/argentinamunicipal.com.ar\/argentina\/wp-json\/wp\/v2\/tags?post=121523"}],"curies":[{"name":"wp","href":"https:\/\/api.w.org\/{rel}","templated":true}]}}