{"id":121555,"date":"2021-12-17T05:45:37","date_gmt":"2021-12-17T08:45:37","guid":{"rendered":"http:\/\/argentinamunicipal.com.ar\/argentina\/?p=121555"},"modified":"2021-12-16T20:17:29","modified_gmt":"2021-12-16T23:17:29","slug":"se-va-la-movi-y-llega-la-tarjeta-sube-a-rosario-cuando-y-como-sera-la-implementacion","status":"publish","type":"post","link":"http:\/\/argentinamunicipal.com.ar\/argentina\/se-va-la-movi-y-llega-la-tarjeta-sube-a-rosario-cuando-y-como-sera-la-implementacion\/","title":{"rendered":"Se va la Movi y llega la tarjeta Sube a Rosario: cu\u00e1ndo y c\u00f3mo ser\u00e1 la implementaci\u00f3n"},"content":{"rendered":"<p>Est\u00e1 en marcha un proceso lento y paulatino que apunta al cambio de sistema. El Ministro de Transporte de la Naci\u00f3n lo anunci\u00f3 en el Congreso y ya est\u00e1 trabajando con la Municipalidad en los detalles<\/p>\n<p>En 2022, la tarjeta Sube desembarcar\u00e1 en Rosario para, en una transici\u00f3n paulatina, convertirse en la \u00fanica forma de pago en el transporte urbano de pasajeros, desplazando a la Movi. Por estos d\u00edas, seg\u00fan indicaron a La Capital desde la Municipalidad, el gobierno nacional se encuentra en el proceso de compra de las m\u00e1quinas validadoras como paso previo a una reuni\u00f3n en la que se informar\u00e1, de manera oficial, c\u00f3mo se llevar\u00e1 adelante una transici\u00f3n que intent\u00f3 darse varias veces en la ciudad, aunque sin \u00e9xito. Se estima que el proceso ser\u00e1 lento y demandar\u00e1 cerca de un a\u00f1o.<br \/>\nLa novedad se conoci\u00f3 este mi\u00e9rcoles, durante el informe de gesti\u00f3n que brind\u00f3 el Ministerio de Transporte de la Naci\u00f3n en el Congreso. El ministro del \u00e1rea, Alexis Guerrera, anunci\u00f3: \u201cLa\u00a0gran apuesta para el a\u00f1o pr\u00f3ximo es que el sistema Sube sea m\u00e1s federal. Lo queremos impulsar en todas las localidades que tengan el sistema p\u00fablico de pasajeros.\u00a0En 2022 el objetivo es llegar a 15 nuevas ciudades, llegando a Rosario y C\u00f3rdoba. Y, de esta manera, optimizar a futuro el presupuesto nacional a trav\u00e9s de una distribuci\u00f3n m\u00e1s equitativa\u201d.<\/p>\n<p>La secretaria de Movilidad municipal, Eva Jokanovich, explic\u00f3 a\u00a0La Capital\u00a0que \u00abdesde hace dos a\u00f1os, en todos los convenios que se firman con Naci\u00f3n para recibir subsidios (para el sistema de transporte), se incluye un\u00a0acompa\u00f1amiento en caso de que el gobierno nacional decida incorporar a Rosario en el sistema Sube\u00bb.<\/p>\n<p>En ese sentido, la funcionaria tambi\u00e9n remarc\u00f3 que \u00aben varias oportunidades,\u00a0presentamos notas para solicitar que se incluya a Rosario en los beneficios sociales que brinda la Sube\u00bb. Esto hace referencia a los descuentos que perciben en el pago del boleto estudiantes, jubilados y pensionados, personal de trabajo dom\u00e9stico, veteranos de la Guerra de Malvinas y beneficiarios de la Asignaci\u00f3n Universal por Hijo, entre otros.<\/p>\n<p>Consultada sobre cu\u00e1ndo comenzar\u00e1 la implementaci\u00f3n de la Sube en Rosario, Jokanovich respondi\u00f3: \u00abSabemos que, primero, el gobierno tiene que avanzar en la compra de las m\u00e1quinas validadoras para los colectivos, tanto para Rosario como para otras ciudades.\u00a0No tenemos comunicaci\u00f3n formal todav\u00eda de cu\u00e1ndo comenzar\u00e1 la transici\u00f3n, pero es algo que ser\u00e1 paulatino y, teniendo en cuenta experiencias pasadas (en referencia al cambio de la tarjeta magn\u00e9tica a la Movi), no demandar\u00e1 menos de un a\u00f1o\u00bb.<\/p>\n<p>Por el momento, e incluso cuando se implemente la Sube, la tarjeta Movi seguir\u00e1 vigente en la ciudad hasta tanto se logre trasladar la mayor cantidad de usuarios posibles al sistema de la Sube.<\/p>\n<p>\u00abEstamos preparado para que esto pase, va a ser muy comunicada la transici\u00f3n.\u00a0Seguramente tendremos una reuni\u00f3n antes de fin de a\u00f1o para ser informados oficialmente sobre esto\u00bb, concluy\u00f3 la funcionaria.<\/p>\n<h6>Fuente: La Capital<\/h6>\n","protected":false},"excerpt":{"rendered":"<p>Est\u00e1 en marcha un proceso lento y paulatino que apunta al cambio de sistema. El Ministro de Transporte de la Naci\u00f3n lo anunci\u00f3 en el Congreso y ya est\u00e1 trabajando con la Municipalidad en los detalles<\/p>\n","protected":false},"author":2,"featured_media":121556,"comment_status":"closed","ping_status":"closed","sticky":false,"template":"","format":"standard","meta":{"footnotes":""},"categories":[2],"tags":[10],"class_list":["post-121555","post","type-post","status-publish","format-standard","has-post-thumbnail","hentry","category-informe-municipal","tag-santa-fe"],"_links":{"self":[{"href":"http:\/\/argentinamunicipal.com.ar\/argentina\/wp-json\/wp\/v2\/posts\/121555","targetHints":{"allow":["GET"]}}],"collection":[{"href":"http:\/\/argentinamunicipal.com.ar\/argentina\/wp-json\/wp\/v2\/posts"}],"about":[{"href":"http:\/\/argentinamunicipal.com.ar\/argentina\/wp-json\/wp\/v2\/types\/post"}],"author":[{"embeddable":true,"href":"http:\/\/argentinamunicipal.com.ar\/argentina\/wp-json\/wp\/v2\/users\/2"}],"replies":[{"embeddable":true,"href":"http:\/\/argentinamunicipal.com.ar\/argentina\/wp-json\/wp\/v2\/comments?post=121555"}],"version-history":[{"count":0,"href":"http:\/\/argentinamunicipal.com.ar\/argentina\/wp-json\/wp\/v2\/posts\/121555\/revisions"}],"wp:featuredmedia":[{"embeddable":true,"href":"http:\/\/argentinamunicipal.com.ar\/argentina\/wp-json\/wp\/v2\/media\/121556"}],"wp:attachment":[{"href":"http:\/\/argentinamunicipal.com.ar\/argentina\/wp-json\/wp\/v2\/media?parent=121555"}],"wp:term":[{"taxonomy":"category","embeddable":true,"href":"http:\/\/argentinamunicipal.com.ar\/argentina\/wp-json\/wp\/v2\/categories?post=121555"},{"taxonomy":"post_tag","embeddable":true,"href":"http:\/\/argentinamunicipal.com.ar\/argentina\/wp-json\/wp\/v2\/tags?post=121555"}],"curies":[{"name":"wp","href":"https:\/\/api.w.org\/{rel}","templated":true}]}}