{"id":121833,"date":"2022-01-04T06:36:39","date_gmt":"2022-01-04T09:36:39","guid":{"rendered":"http:\/\/argentinamunicipal.com.ar\/argentina\/?p=121833"},"modified":"2022-01-04T06:36:39","modified_gmt":"2022-01-04T09:36:39","slug":"la-segunda-planta-solar-mas-grande-del-pais-esta-en-marcha","status":"publish","type":"post","link":"http:\/\/argentinamunicipal.com.ar\/argentina\/la-segunda-planta-solar-mas-grande-del-pais-esta-en-marcha\/","title":{"rendered":"La segunda planta solar m\u00e1s grande del pa\u00eds est\u00e1 en marcha"},"content":{"rendered":"<p>Su entrada en operaci\u00f3n ubica a Salta a la cabeza en la generaci\u00f3n de energ\u00edas renovables.<\/p>\n<p>La puesta en marcha y entrada en operaci\u00f3n del Parque Solar Fotovoltaico Altiplano 200, junto a la Planta Fotovoltaica de Cafayate y a la generaci\u00f3n de energ\u00eda hidr\u00e1ulica, permitir\u00e1 alcanzar una generaci\u00f3n de energ\u00eda el\u00e9ctrica, con fuentes renovables, equivalente al 40% de la demanda de energ\u00eda de la provincia.<\/p>\n<p>As\u00ed es como Salta se convierte en l\u00edder regional en el desarrollo de las energ\u00edas renovables, gracias al compromiso demostrado por Neoen, firma de capitales franceses, y el Programa RenovAR del Gobierno nacional.<\/p>\n<p>Con una capacidad de 208 MWp, Altiplano 200 es el resultado de la fusi\u00f3n de los proyectos La Puna (107 MWp) y Altiplano (101 MWp) en las licitaciones RenovAr 1 y RenovAr 2. Ambos proyectos tienen un contrato a largo plazo con Cammesa y vender\u00e1n electricidad verde a un precio muy competitivo, ya que es el precio de electricidad solar m\u00e1s bajo en Argentina.<\/p>\n<p>Emmanuel Pujol, director regional de Neoen, agradeci\u00f3 al Gobierno de Salta por todo el apoyo brindado, especialmente durante el tiempo de pandemia. Destac\u00f3 que, desde el primer d\u00eda, se trabaj\u00f3 con las comunidades locales: \u00abNos comprometimos a tener un impacto positivo sobre los pueblos cercanos a la planta y, entre otras obras, colaboramos en la construcci\u00f3n de un play\u00f3n deportivo y la restauraci\u00f3n del pozo de agua de las escuela de Olacapato\u00bb.<\/p>\n<p>El directivo se\u00f1al\u00f3 tambi\u00e9n que en colaboraci\u00f3n con la Fundaci\u00f3n Anpuy, se capacitaron j\u00f3venes de la comunidad y se financiaron becas estudiantiles terciarias y universitarias.<\/p>\n<p>Mart\u00edn de los R\u00edos, ministro de Producci\u00f3n y Desarrollo Sustentable, transmiti\u00f3 los saludos del gobernador Gustavo S\u00e1enz, que no pudo asistir a la ceremonia por razones de salud, y enfatiz\u00f3 que el Gobierno de Salta est\u00e1 comprometido con la sustentabilidad y la promoci\u00f3n del uso de energ\u00eda renovable en toda la poblaci\u00f3n.<\/p>\n<p>\u00abValoramos que hayan elegido Salta, las virtudes naturales del clima de la Puna salte\u00f1a y especialmente la generaci\u00f3n de fuentes de empleo para nuestra gente\u00bb, destac\u00f3 el funcionario. \u00abEstamos convencidos de que las energ\u00edas renovables nos van a permitir combatir las limitaciones energ\u00e9ticas, reducir la contaminaci\u00f3n, intervenir favorablemente en el cambio clim\u00e1tico e impactar en la salud de los salte\u00f1os\u00bb.<\/p>\n<p>En tanto, Clara Acoria y Anita Quipildor, representantes de las comunidades locales, destacaron la importancia que tiene para los habitantes de la Puna estar a la vanguardia de la transformaci\u00f3n energ\u00e9tica de la provincia. El Parque Solar Altiplano 200 tiene una potencia total de 200 mw. Abarca una superficie de 350 ha y est\u00e1 integrada por un total de 554.580 paneles solares. Con una inversi\u00f3n estimada en US$ 313 millones, aproximadamente, su construcci\u00f3n gener\u00f3 462 puestos de trabajos, y la etapa de operaci\u00f3n 20 empleos permanentes. El parque se encuentra interconectado al Sistema Argentino de Interconexi\u00f3n (SADI), aportando energ\u00eda al sistema nacional. El proyecto fue realizado en el marco del Programa RenovAr, y financiado por Proparco, DEG, ICCF, Soci\u00e9t\u00e9 G\u00e9n\u00e9rale y KfW. Participaron en la inauguraci\u00f3n la embajadora de Francia en Argentina, Claudia Scherrer-Effose; el ministro de Relaciones Internacionales, Julio San Mill\u00e1n; el presidente de Remsa, Alberto Castillo; el senador por Los Andes, Leopoldo Salva, y autoridades de las comunidades de San Antonio de los Cobres, Olacapato y Salar de Pocitos<\/p>\n<h6>Fuente: El Tribuno<\/h6>\n","protected":false},"excerpt":{"rendered":"<p>Su entrada en operaci\u00f3n ubica a Salta a la cabeza en la generaci\u00f3n de energ\u00edas renovables.<\/p>\n","protected":false},"author":2,"featured_media":121834,"comment_status":"closed","ping_status":"closed","sticky":false,"template":"","format":"standard","meta":{"footnotes":""},"categories":[2],"tags":[9],"class_list":["post-121833","post","type-post","status-publish","format-standard","has-post-thumbnail","hentry","category-informe-municipal","tag-salta"],"_links":{"self":[{"href":"http:\/\/argentinamunicipal.com.ar\/argentina\/wp-json\/wp\/v2\/posts\/121833","targetHints":{"allow":["GET"]}}],"collection":[{"href":"http:\/\/argentinamunicipal.com.ar\/argentina\/wp-json\/wp\/v2\/posts"}],"about":[{"href":"http:\/\/argentinamunicipal.com.ar\/argentina\/wp-json\/wp\/v2\/types\/post"}],"author":[{"embeddable":true,"href":"http:\/\/argentinamunicipal.com.ar\/argentina\/wp-json\/wp\/v2\/users\/2"}],"replies":[{"embeddable":true,"href":"http:\/\/argentinamunicipal.com.ar\/argentina\/wp-json\/wp\/v2\/comments?post=121833"}],"version-history":[{"count":0,"href":"http:\/\/argentinamunicipal.com.ar\/argentina\/wp-json\/wp\/v2\/posts\/121833\/revisions"}],"wp:featuredmedia":[{"embeddable":true,"href":"http:\/\/argentinamunicipal.com.ar\/argentina\/wp-json\/wp\/v2\/media\/121834"}],"wp:attachment":[{"href":"http:\/\/argentinamunicipal.com.ar\/argentina\/wp-json\/wp\/v2\/media?parent=121833"}],"wp:term":[{"taxonomy":"category","embeddable":true,"href":"http:\/\/argentinamunicipal.com.ar\/argentina\/wp-json\/wp\/v2\/categories?post=121833"},{"taxonomy":"post_tag","embeddable":true,"href":"http:\/\/argentinamunicipal.com.ar\/argentina\/wp-json\/wp\/v2\/tags?post=121833"}],"curies":[{"name":"wp","href":"https:\/\/api.w.org\/{rel}","templated":true}]}}