{"id":121865,"date":"2022-01-05T05:05:04","date_gmt":"2022-01-05T08:05:04","guid":{"rendered":"http:\/\/argentinamunicipal.com.ar\/argentina\/?p=121865"},"modified":"2022-01-04T21:07:43","modified_gmt":"2022-01-05T00:07:43","slug":"la-ciudad-de-buenos-aires-proveera-el-mobiliario-de-un-balneario-de-mar-del-plata","status":"publish","type":"post","link":"http:\/\/argentinamunicipal.com.ar\/argentina\/la-ciudad-de-buenos-aires-proveera-el-mobiliario-de-un-balneario-de-mar-del-plata\/","title":{"rendered":"La Ciudad de Buenos Aires proveer\u00e1 el mobiliario de un balneario de Mar del Plata"},"content":{"rendered":"<p>El jefe de gobierno porte\u00f1o, Horacio Rodr\u00edguez Larreta, traslad\u00f3 su campa\u00f1a electoral de cara a las presidenciales de 2023 a Mar del Plata, gobernada por su aliado y exministro de Justicia y Seguridad de la Ciudad de Buenos Aires, Guillermo Montengro.<\/p>\n<p>El acuerdo entre las dos \u00abciudades hermanas\u00bb contempla que desde el 14 de enero el acceso al Balneario 5 de la playa La Perla lucir\u00e1 como un balneario porte\u00f1o.<\/p>\n<p>\u00abHay un hermanamiento de ciudades, una cooperaci\u00f3n muy fuerte y, por eso, va a haber una presencia de la Ciudad en una playa p\u00fablica, pero no un d\u00eda, sino durante toda la temporada\u00bb, destac\u00f3 el presidente del Ente de Turismo (Entur) de CABA, Lucas Delfino, en di\u00e1logo con el medio marplatense La Capital.<\/p>\n<p>El acuerdo entre el gobierno porte\u00f1o y la gesti\u00f3n de Montenegro es que la Ciudad equipe el sector p\u00fablico del Balneario 5 con todo el mobilario: sillas, lonas y juegos, e inclusive se analiza la posibilidad de ofrecer de manera gratuita el servicio de sombrillas.<\/p>\n<p>Al despliegue amarillo sobre la arena marplantense se le sumar\u00e1n otras actividades en la c\u00e9ntrica Plaza Col\u00f3n, donde Delfino adelant\u00f3 que habr\u00e1 juegos y shows con el auspicio de la gesti\u00f3n de Rodr\u00edguez Larreta.<\/p>\n<p>\u00abEs una de las ciudades que tiene el coraz\u00f3n ganado del jefe de gobierno porte\u00f1o\u00bb, declar\u00f3 Delfino en tono de campa\u00f1a al diario La Capital, y complet\u00f3: \u00abMe toc\u00f3 recorrer Mar del Plata con el propio Horacio y recordaba todos sus veraneos de joven all\u00e1. Sabe cada una de las calles, tiene la casa de su abuela y conoce los lugares gastron\u00f3micos\u00bb.<\/p>\n<p>Por si quedaba alguna duda acerca del prop\u00f3sito de ambos dirigentes opositores, el titular del Entur sincer\u00f3 la relaci\u00f3n pol\u00edtica que hizo posible el desembarco de Rodr\u00edguez Larreta en \u00abLa Feliz\u00bb: \u00abHoracio tiene una excelente relaci\u00f3n personal con el intendente Guillermo Montenegro\u00bb.<\/p>\n<h6>Fuente: P\u00e1gina 12<\/h6>\n","protected":false},"excerpt":{"rendered":"<p>El jefe de gobierno porte\u00f1o, Horacio Rodr\u00edguez Larreta, traslad\u00f3 su campa\u00f1a electoral de cara a las presidenciales de 2023 a Mar del Plata, gobernada por su aliado y exministro de Justicia y Seguridad de la Ciudad de Buenos Aires, Guillermo Montengro.<\/p>\n","protected":false},"author":2,"featured_media":121866,"comment_status":"closed","ping_status":"closed","sticky":false,"template":"","format":"standard","meta":{"footnotes":""},"categories":[2],"tags":[12],"class_list":["post-121865","post","type-post","status-publish","format-standard","has-post-thumbnail","hentry","category-informe-municipal","tag-buenos-aires"],"_links":{"self":[{"href":"http:\/\/argentinamunicipal.com.ar\/argentina\/wp-json\/wp\/v2\/posts\/121865","targetHints":{"allow":["GET"]}}],"collection":[{"href":"http:\/\/argentinamunicipal.com.ar\/argentina\/wp-json\/wp\/v2\/posts"}],"about":[{"href":"http:\/\/argentinamunicipal.com.ar\/argentina\/wp-json\/wp\/v2\/types\/post"}],"author":[{"embeddable":true,"href":"http:\/\/argentinamunicipal.com.ar\/argentina\/wp-json\/wp\/v2\/users\/2"}],"replies":[{"embeddable":true,"href":"http:\/\/argentinamunicipal.com.ar\/argentina\/wp-json\/wp\/v2\/comments?post=121865"}],"version-history":[{"count":0,"href":"http:\/\/argentinamunicipal.com.ar\/argentina\/wp-json\/wp\/v2\/posts\/121865\/revisions"}],"wp:featuredmedia":[{"embeddable":true,"href":"http:\/\/argentinamunicipal.com.ar\/argentina\/wp-json\/wp\/v2\/media\/121866"}],"wp:attachment":[{"href":"http:\/\/argentinamunicipal.com.ar\/argentina\/wp-json\/wp\/v2\/media?parent=121865"}],"wp:term":[{"taxonomy":"category","embeddable":true,"href":"http:\/\/argentinamunicipal.com.ar\/argentina\/wp-json\/wp\/v2\/categories?post=121865"},{"taxonomy":"post_tag","embeddable":true,"href":"http:\/\/argentinamunicipal.com.ar\/argentina\/wp-json\/wp\/v2\/tags?post=121865"}],"curies":[{"name":"wp","href":"https:\/\/api.w.org\/{rel}","templated":true}]}}