{"id":121916,"date":"2022-01-06T04:43:30","date_gmt":"2022-01-06T07:43:30","guid":{"rendered":"http:\/\/argentinamunicipal.com.ar\/argentina\/?p=121916"},"modified":"2022-01-05T20:45:22","modified_gmt":"2022-01-05T23:45:22","slug":"macri-se-olvido-de-las-sanciones","status":"publish","type":"post","link":"http:\/\/argentinamunicipal.com.ar\/argentina\/macri-se-olvido-de-las-sanciones\/","title":{"rendered":"Macri se olvid\u00f3 de las sanciones"},"content":{"rendered":"<p>Las multas por $ 239 millones a Edesur informadas por el ENRE corresponden a fallas que debi\u00f3 sancionar el gobierno anterior, pero ignor\u00f3. Las correspondientes a los cortes actuales tendr\u00e1n una tramitaci\u00f3n breve.<\/p>\n<p>Las sanciones a la distribuidora Edesur que el ente regulador el\u00e9ctrico inform\u00f3 en el primer d\u00eda h\u00e1bil de este a\u00f1o (el lunes 3), corresponden a incumplimientos del contrato de concesi\u00f3n verificados en el servicio prestado entre los a\u00f1os 2018 y 2019. La raz\u00f3n de la demora en la aplicaci\u00f3n de las respectivas sanciones, que suman 239 millones de pesos, es que durante los dos \u00faltimos a\u00f1os de gesti\u00f3n macrista\u00a0se suspendieron todos los procedimientos de sanciones a las prestadoras el\u00e9ctricas, lo cual acumul\u00f3 una tarea de veedur\u00edas t\u00e9cnicas y determinaci\u00f3n de los cargos correspondientes, que reci\u00e9n se empez\u00f3 a ejecutar tras la asunci\u00f3n de las nuevas autoridades.<\/p>\n<p>As\u00ed lo explicar\u00e1 al ENRE en las pr\u00f3ximas horas, aclarando que las sanciones informadas este lunes corresponden a \u00abun corte en el c\u00famulo de sanciones no aplicadas\u00bb por el gobierno anterior, pero no se corresponden con las fallas en el servicio de Edesur de este fin de a\u00f1o. Adem\u00e1s, se informar\u00e1 que\u00a0las multas\u00a0tienen como destino (en su totalidad) ser\u00a0devueltas a los clientes de la distribuidora\u00a0como compensaci\u00f3n por las fallas en el servicio.<\/p>\n<p>\u00abQuienes interpretaron que estas sanciones pod\u00edan corresponder a estas \u00faltimas interrupciones del servicio, no entienden el procedimiento regulatorio ante un reclamo, o tuvieron el prop\u00f3sito de generar una fake news en relaci\u00f3n a la supuesta mala intenci\u00f3n del ENRE de querer confundir a la poblaci\u00f3n\u00bb, respondi\u00f3 una alta fuente de gobierno vinculada al organismo regulador el\u00e9ctrico.<\/p>\n<p>Los responsables de auditor\u00eda t\u00e9cnica del ENRE le solicitaron a Edesur este martes un informe que explique las razones de la interrupci\u00f3n en el servicio. Adem\u00e1s, que ofreciera una justificaci\u00f3n de la demora en la restituci\u00f3n de la energ\u00eda el\u00e9ctrica a las zonas afectadas. A partir de all\u00ed reci\u00e9n se inicia el proceso de evaluaci\u00f3n de las responsabilidades y los cargos que le correspondan a la distribuidora, para definir en funci\u00f3n de toda esa informaci\u00f3n las sanciones correspondientes.<\/p>\n<p>En este caso, aseguran las autoridades, ser\u00e1 un tr\u00e1mite de r\u00e1pido procesamiento hasta determianr las sanciones por incumplimiento de obligaciones. \u00abHoy &#8211;por este martes&#8211;, por suerte ya fue menguando el impacto de los cortes y el nivel de perjuicio, pero\u00a0los reclamos de la poblaci\u00f3n por las p\u00e9rdidas que pueda haber sufrido tambi\u00e9n tendr\u00e1n una pronta respuesta\u00bb, asegur\u00f3 la fuente oficial consultada.<\/p>\n<p>A diferencia de los incumplimientos observados entre 2018 y 2019, la intervenci\u00f3n a tiempo del ENRE en esta oportunidad acorta los plazos para determinar las responsabilidades y las sanciones.\u00a0La desidia del gobierno de Cambiemos y de las autoridades del ENRE en esos a\u00f1os, en cambio, enturbi\u00f3 el procedimiento.<\/p>\n<p>Edesur termin\u00f3 multada reci\u00e9n esta semana en 105,5 millones de pesos por incumplir la obligaci\u00f3n de informar sobre interrupciones del servicio, y en 133,8 millones de pesos por\u00a0incumplir la \u00abobligaci\u00f3n de dar un trato digno a las personas\u00a0usuarias\u00bb que concurr\u00edan a sus oficinas comerciales.<\/p>\n<p>Estas sanciones debieron ser aplicadas en 2019 por la anterior gesti\u00f3n, que ni siquiera complet\u00f3 las veedur\u00edas t\u00e9cnicas para determinar los cargos y las correspondientes sanciones.<\/p>\n<h6>Fuente: P\u00e1gina 12<\/h6>\n","protected":false},"excerpt":{"rendered":"<p>Las multas por $ 239 millones a Edesur informadas por el ENRE corresponden a fallas que debi\u00f3 sancionar el gobierno anterior, pero ignor\u00f3. Las correspondientes a los cortes actuales tendr\u00e1n una tramitaci\u00f3n breve.<\/p>\n","protected":false},"author":2,"featured_media":121917,"comment_status":"closed","ping_status":"closed","sticky":false,"template":"","format":"standard","meta":{"footnotes":""},"categories":[5],"tags":[21],"class_list":["post-121916","post","type-post","status-publish","format-standard","has-post-thumbnail","hentry","category-informe-economico","tag-argentina"],"_links":{"self":[{"href":"http:\/\/argentinamunicipal.com.ar\/argentina\/wp-json\/wp\/v2\/posts\/121916","targetHints":{"allow":["GET"]}}],"collection":[{"href":"http:\/\/argentinamunicipal.com.ar\/argentina\/wp-json\/wp\/v2\/posts"}],"about":[{"href":"http:\/\/argentinamunicipal.com.ar\/argentina\/wp-json\/wp\/v2\/types\/post"}],"author":[{"embeddable":true,"href":"http:\/\/argentinamunicipal.com.ar\/argentina\/wp-json\/wp\/v2\/users\/2"}],"replies":[{"embeddable":true,"href":"http:\/\/argentinamunicipal.com.ar\/argentina\/wp-json\/wp\/v2\/comments?post=121916"}],"version-history":[{"count":0,"href":"http:\/\/argentinamunicipal.com.ar\/argentina\/wp-json\/wp\/v2\/posts\/121916\/revisions"}],"wp:featuredmedia":[{"embeddable":true,"href":"http:\/\/argentinamunicipal.com.ar\/argentina\/wp-json\/wp\/v2\/media\/121917"}],"wp:attachment":[{"href":"http:\/\/argentinamunicipal.com.ar\/argentina\/wp-json\/wp\/v2\/media?parent=121916"}],"wp:term":[{"taxonomy":"category","embeddable":true,"href":"http:\/\/argentinamunicipal.com.ar\/argentina\/wp-json\/wp\/v2\/categories?post=121916"},{"taxonomy":"post_tag","embeddable":true,"href":"http:\/\/argentinamunicipal.com.ar\/argentina\/wp-json\/wp\/v2\/tags?post=121916"}],"curies":[{"name":"wp","href":"https:\/\/api.w.org\/{rel}","templated":true}]}}