{"id":121919,"date":"2022-01-06T04:46:21","date_gmt":"2022-01-06T07:46:21","guid":{"rendered":"http:\/\/argentinamunicipal.com.ar\/argentina\/?p=121919"},"modified":"2022-01-05T20:48:12","modified_gmt":"2022-01-05T23:48:12","slug":"educacion-de-calidad-un-pilar-de-la-gestion-de-la-matanza","status":"publish","type":"post","link":"http:\/\/argentinamunicipal.com.ar\/argentina\/educacion-de-calidad-un-pilar-de-la-gestion-de-la-matanza\/","title":{"rendered":"Educaci\u00f3n de calidad, un pilar de la gesti\u00f3n de La Matanza"},"content":{"rendered":"<p>\u00abLa Educaci\u00f3n y la Innovaci\u00f3n son nuestro presente y nuestro futuro\u00bb, se\u00f1al\u00f3 el intendente de La Matanza, Fernando Espinoza, luego de reunirse con la viceministra de Educaci\u00f3n de la Naci\u00f3n, Silvina Gvirtz. El encuentro entre los funcionarios tuvo como objetivo \u00abcoordinar la agenda educativa del municipio en el 2022\u00bb, informaron en un comunicado en el que destacaron \u00abla entrega de tablets de \u00faltima generaci\u00f3n, adquiridas con fondos municipales, a 38 mil estudiantes de 5\u00ba y 6\u00ba a\u00f1o, las cuales se suman a las miles de netbooks entregadas en el Programa Nacional Conectar Igualdad\u00bb.<\/p>\n<p>\u00abVamos a construir diez nuevos jardines de infantes, que son parte del plan de 447 obras en establecimientos educativos de nuestro distrito. Tambi\u00e9n estamos trabajando en la generaci\u00f3n de\u00a0nuevas escuelas t\u00e9cnicas, una construcci\u00f3n que el municipio necesita mucho porque La Matanza es la Capital Industrial de la Argentina y pronto ser\u00e1 la Ciudad de la Innovaci\u00f3n\u00bb, se\u00f1al\u00f3 Espinoza al finalizar la reuni\u00f3n con la viceministra.<\/p>\n<p>El funcionario indic\u00f3 a su vez que \u00abdurante la reuni\u00f3n tambi\u00e9n marcamos todo lo relacionado a la agenda del nuevo Centro Universitario de la Innovaci\u00f3n en Gonz\u00e1lez Cat\u00e1n (CUDI) especializado en carreras de nuevas tecnolog\u00edas. Este a\u00f1o vamos a duplicar la cantidad de alumnos y vamos a ahondar en carreras cortas con r\u00e1pida salida laboral\u00bb.<\/p>\n<p>\u00abOtro de los ejes fuertes en la agenda de educaci\u00f3n en el municipio es profundizar en las escuelas de formaci\u00f3n de artes y oficios ya que despu\u00e9s de seis a\u00f1os de vivir el desastre econ\u00f3mico que nos dej\u00f3 el macrividalismo y la pandemia de covid-19, hay una recuperaci\u00f3n econ\u00f3mica en la Argentina\u00bb, se\u00f1al\u00f3 Espinoza y agreg\u00f3 que \u00abpor eso vemos que falta mano de obra calificada en oficios como plomer\u00eda, electricidad y gas para poder afrontar el boom de la construcci\u00f3n que es parte de la reconstrucci\u00f3n\u00bb. El intendente de La Matanza destac\u00f3 que uno de los puntos m\u00e1s importantes de la agenda educativa ser\u00e1 \u00abla entrega de tablets de \u00faltima generaci\u00f3n en el Programa Municipal Innovaci\u00f3n Conectar Igualdad a 38 mil alumnas y alumnos de 5\u00ba y 6\u00ba a\u00f1o de escuelas p\u00fablicas estatales de La Matanza\u00bb.<\/p>\n<p>\u201cEstamos muy\u00a0orgullosos de que La Matanza sea hoy la Capital Universitaria del Gran Buenos Aires. Luego de la apertura del Centro Universitario de la Innovaci\u00f3n, tenemos dos casas de altos estudios y 70 mil alumnos universitarios cursando. Ese es el gran paso que dimos en el 2021, en plena pandemia\u201d, se\u00f1al\u00f3 el jefe comunal y destac\u00f3 sobre la actualidad que \u00abhay una recuperaci\u00f3n que ya se ve en las grandes empresas, pero a\u00fan falta que se replique en los bolsillos de la gente\u00bb. Finalmente se\u00f1al\u00f3 que \u00abla educaci\u00f3n de calidad para todas y todos los ni\u00f1os y j\u00f3venes es el pilar fundamental en esta nueva etapa de reconstrucci\u00f3n de la Argentina\u00bb.<\/p>\n<h6>Fuente: P\u00e1gina 12<\/h6>\n","protected":false},"excerpt":{"rendered":"<p>\u00abLa Educaci\u00f3n y la Innovaci\u00f3n son nuestro presente y nuestro futuro\u00bb, se\u00f1al\u00f3 el intendente de La Matanza, Fernando Espinoza, luego de reunirse con la viceministra de Educaci\u00f3n de la Naci\u00f3n, Silvina Gvirtz.<\/p>\n","protected":false},"author":2,"featured_media":121920,"comment_status":"closed","ping_status":"closed","sticky":false,"template":"","format":"standard","meta":{"footnotes":""},"categories":[2],"tags":[12],"class_list":["post-121919","post","type-post","status-publish","format-standard","has-post-thumbnail","hentry","category-informe-municipal","tag-buenos-aires"],"_links":{"self":[{"href":"http:\/\/argentinamunicipal.com.ar\/argentina\/wp-json\/wp\/v2\/posts\/121919","targetHints":{"allow":["GET"]}}],"collection":[{"href":"http:\/\/argentinamunicipal.com.ar\/argentina\/wp-json\/wp\/v2\/posts"}],"about":[{"href":"http:\/\/argentinamunicipal.com.ar\/argentina\/wp-json\/wp\/v2\/types\/post"}],"author":[{"embeddable":true,"href":"http:\/\/argentinamunicipal.com.ar\/argentina\/wp-json\/wp\/v2\/users\/2"}],"replies":[{"embeddable":true,"href":"http:\/\/argentinamunicipal.com.ar\/argentina\/wp-json\/wp\/v2\/comments?post=121919"}],"version-history":[{"count":0,"href":"http:\/\/argentinamunicipal.com.ar\/argentina\/wp-json\/wp\/v2\/posts\/121919\/revisions"}],"wp:featuredmedia":[{"embeddable":true,"href":"http:\/\/argentinamunicipal.com.ar\/argentina\/wp-json\/wp\/v2\/media\/121920"}],"wp:attachment":[{"href":"http:\/\/argentinamunicipal.com.ar\/argentina\/wp-json\/wp\/v2\/media?parent=121919"}],"wp:term":[{"taxonomy":"category","embeddable":true,"href":"http:\/\/argentinamunicipal.com.ar\/argentina\/wp-json\/wp\/v2\/categories?post=121919"},{"taxonomy":"post_tag","embeddable":true,"href":"http:\/\/argentinamunicipal.com.ar\/argentina\/wp-json\/wp\/v2\/tags?post=121919"}],"curies":[{"name":"wp","href":"https:\/\/api.w.org\/{rel}","templated":true}]}}