{"id":121940,"date":"2022-01-06T06:26:21","date_gmt":"2022-01-06T09:26:21","guid":{"rendered":"http:\/\/argentinamunicipal.com.ar\/argentina\/?p=121940"},"modified":"2022-01-06T06:26:21","modified_gmt":"2022-01-06T09:26:21","slug":"santa-fe-la-ucr-denuncio-discriminacion-por-parte-de-la-provincia-a-comunas-e-intendencias-gobernada-por-radicales","status":"publish","type":"post","link":"http:\/\/argentinamunicipal.com.ar\/argentina\/santa-fe-la-ucr-denuncio-discriminacion-por-parte-de-la-provincia-a-comunas-e-intendencias-gobernada-por-radicales\/","title":{"rendered":"Santa Fe: La UCR denunci\u00f3 discriminaci\u00f3n por parte de la provincia a comunas e intendencias gobernada por radicales"},"content":{"rendered":"<p>Mandatarios radicales emitieron un duro documento contra el gobernador Omar Perotti<\/p>\n<p>El Foro de Intendentes, y Presidentes Comunales Radicales, emiti\u00f3 un duro comunicado con fecha 4 de enero de 2022 en el que critican duramente\u00a0al\u00a0gobierno\u00a0provincial\u00a0por la discriminaci\u00f3n a la que son sometidos las autoridades boinablancas en todo el territorio provincial.<br \/>\nLa misiva sostiene que \u201clamentamos y repudiamos las actitudes reiteradas del Gobierno Provincial, acerca del uso y reparto discrecional de los\u00a0fondos\u00a0para municipios amigos, y en cambio l\u00e1tigo y demoras de entrega de fondos para Municipios que no son de la misma l\u00ednea pol\u00edtica del gobernador justicialista (el rafaelino) Omar Perotti.<br \/>\nVilla G. G\u00e1lvez sigue compactando autos y donar\u00e1 lo recaudado a una ONG<br \/>\nLa EPE cerr\u00f3 oficinas por contagios y tiene unos 300 empleados aislados<br \/>\n\u201cLa desigualdad e inequidad en la repartici\u00f3n de Fondos, como lo es el Plan Incluir y demora en el pago del programa de obras menores (Gastos Corrientes, fondos que les corresponde a los gobiernos locales por ley para financiar gastos que son realizados desde el Estado para llevar a cabo de manera satisfactoria las funciones de administraci\u00f3n y la prestaci\u00f3n de servicios p\u00fablicos), no hacen m\u00e1s que dificultar el buen funcionamiento de quienes tenemos la funci\u00f3n de gestionar todos los d\u00edas en nuestro territorio para cada vecino\u201d.<\/p>\n<p><strong>Reclamo<\/strong><br \/>\nAgrega el duro documento radical que \u201cen el mismo sentido, acompa\u00f1amos y legitimamos, el reclamo realizado por nuestros Legisladores de manera responsable y coherente, pues no hacen m\u00e1s que escuchar nuestras necesidades de todos los d\u00edas y ser el nexo con el gobierno Provincial, aunque en reiteradas oportunidades, \u00e9ste utilice como m\u00e9todo la discrecionalidad y el l\u00e1tigo\u201d.<\/p>\n<h6>Fuente: La Capital<\/h6>\n","protected":false},"excerpt":{"rendered":"<p>Mandatarios radicales emitieron un duro documento contra el gobernador Omar Perotti<\/p>\n","protected":false},"author":2,"featured_media":121941,"comment_status":"closed","ping_status":"closed","sticky":false,"template":"","format":"standard","meta":{"footnotes":""},"categories":[4],"tags":[10],"class_list":["post-121940","post","type-post","status-publish","format-standard","has-post-thumbnail","hentry","category-informe-politico","tag-santa-fe"],"_links":{"self":[{"href":"http:\/\/argentinamunicipal.com.ar\/argentina\/wp-json\/wp\/v2\/posts\/121940","targetHints":{"allow":["GET"]}}],"collection":[{"href":"http:\/\/argentinamunicipal.com.ar\/argentina\/wp-json\/wp\/v2\/posts"}],"about":[{"href":"http:\/\/argentinamunicipal.com.ar\/argentina\/wp-json\/wp\/v2\/types\/post"}],"author":[{"embeddable":true,"href":"http:\/\/argentinamunicipal.com.ar\/argentina\/wp-json\/wp\/v2\/users\/2"}],"replies":[{"embeddable":true,"href":"http:\/\/argentinamunicipal.com.ar\/argentina\/wp-json\/wp\/v2\/comments?post=121940"}],"version-history":[{"count":0,"href":"http:\/\/argentinamunicipal.com.ar\/argentina\/wp-json\/wp\/v2\/posts\/121940\/revisions"}],"wp:featuredmedia":[{"embeddable":true,"href":"http:\/\/argentinamunicipal.com.ar\/argentina\/wp-json\/wp\/v2\/media\/121941"}],"wp:attachment":[{"href":"http:\/\/argentinamunicipal.com.ar\/argentina\/wp-json\/wp\/v2\/media?parent=121940"}],"wp:term":[{"taxonomy":"category","embeddable":true,"href":"http:\/\/argentinamunicipal.com.ar\/argentina\/wp-json\/wp\/v2\/categories?post=121940"},{"taxonomy":"post_tag","embeddable":true,"href":"http:\/\/argentinamunicipal.com.ar\/argentina\/wp-json\/wp\/v2\/tags?post=121940"}],"curies":[{"name":"wp","href":"https:\/\/api.w.org\/{rel}","templated":true}]}}