{"id":121946,"date":"2022-01-06T04:33:05","date_gmt":"2022-01-06T07:33:05","guid":{"rendered":"http:\/\/argentinamunicipal.com.ar\/argentina\/?p=121946"},"modified":"2022-01-06T06:43:22","modified_gmt":"2022-01-06T09:43:22","slug":"cortes-de-luz-intendentas-del-conurbano-furiosas-con-edesur","status":"publish","type":"post","link":"http:\/\/argentinamunicipal.com.ar\/argentina\/cortes-de-luz-intendentas-del-conurbano-furiosas-con-edesur\/","title":{"rendered":"Cortes de luz: Intendentas del conurbano furiosas con Edesur"},"content":{"rendered":"<p>Mayra Mendoza y Marina Lesci exigieron a la empresa Edesur resolver los cortes que afectan a miles de personas en Quilmes y Lomas de Zamora<\/p>\n<p>Las intendentas de Quilmes, Mayra Mendoza, y de Lomas de Zamora, Marina Lesci, pusieron el grito en el cielo ante los permanentes cortes de luz que afectaron a buena parte de los municipios que conducen.<\/p>\n<p>Distintos barrios de los grandes municipios de la Tercera Secci\u00f3n electoral se vieron afectados por la falta de energ\u00eda, donde opera la empresa Edesur.<\/p>\n<p>\u201cEn muchos lugares de Lomas de Zamora hay falta de suministro el\u00e9ctrico\u201d,\u00a0inform\u00f3 la interina Marina Lesci, que asumi\u00f3 el cargo tras la partida de\u00a0Mart\u00edn Insaurralde\u00a0a la jefatura de Gabinete de Axel Kicillof.<br \/>\nEn ese plano, marc\u00f3 que desde la Comuna \u201cuna vez m\u00e1s y como hace varios a\u00f1os exigimos a Edesur que regularice la situaci\u00f3n\u201d.<\/p>\n<p>\u201cLa falta de luz es un problema grav\u00edsimo para las y los vecinos y la empresa responsable debe hacerse cargo\u201d,\u00a0postul\u00f3 Lesci.<\/p>\n<p><strong>En Quilmes, el mismo problema<\/strong><br \/>\nLa jefa comunal quilme\u00f1a,\u00a0Mayra Mendoza, tambi\u00e9n expuso el problema de la falta de servicio en buena parte de la ciudad en medio de una ola de calor que aqueja a vecinos y comerciantes.<\/p>\n<p>\u201cLe exigimos a Edesur que resuelva de forma inmediata los problemas que afectan el servicio de luz en nuestra ciudad\u201d,\u00a0lanz\u00f3 la intendenta desde su cuenta de la red social Twitter.<\/p>\n<p>Mendoza marc\u00f3 que en su distrito, as\u00ed como en parte del Conurbano y CABA,\u00a0\u201chay familias sin luz sufriendo las altas temperaturas hasta faltante de agua por su mal funcionamiento\u201d.<\/p>\n<p><strong>El Gobierno puso una veedora y mult\u00f3 a la empresa<\/strong><br \/>\nTras la pol\u00e9mica generada por los varios y prolongados cortes de luz que se produjeron esta semana, en medio de la ola de calor, el ENRE (Ente Nacional Regulador de la Electricidad) decidi\u00f3\u00a0multar con casi 240 millones de pesos\u00a0a la distribuidora EDESUR.<\/p>\n<p>\u00abComo consecuencia de los incumplimientos registrados en las distintas inspecciones realizadas por el ENRE, se aplic\u00f3 una multa con destino a usuarios equivalente a. $239.288.018,25\u00bb, precis\u00f3 el organismo mediante un comunicado.<\/p>\n<p>Adem\u00e1s, el mismo ENRE decidi\u00f3 profundizar sus l\u00edneas de acci\u00f3n ante los incumplimientos de la empresa. Por eso design\u00f3 una veedora con el fin de \u00abcontrolar la informaci\u00f3n a la constante sobre la operaci\u00f3n de los cortes. Asimismo, y mediante la misma, se pretenden evaluar las medidas futuras que se tomar\u00e1n desde el Ente\u00bb.<\/p>\n<p>En concreto se busca \u00abevitar la repetici\u00f3n de eventos de esta magnitud y extensi\u00f3n\u00bb y para eso design\u00f3 como veedora a la ingeniera\u00a0Silvia Carmen Merzi,\u00a0quien adem\u00e1s es la Jefa del \u00c1rea de Aplicaci\u00f3n y Administraci\u00f3n de Normas Regulatorias del ENRE.<\/p>\n<p>La veedora tendr\u00e1\u00a0\u00abplenas facultades para fiscalizar y controlar todos los actos que hacen a la gesti\u00f3n t\u00e9cnica y comercial que realiza EDESUR S.A. en la prestaci\u00f3n del Servicio P\u00fablico de Distribuci\u00f3n de energ\u00eda el\u00e9ctrica\u00bb.<\/p>\n<h6>Fuente: INfoCielo<\/h6>\n","protected":false},"excerpt":{"rendered":"<p>Mayra Mendoza y Marina Lesci exigieron a la empresa Edesur resolver los cortes que afectan a miles de personas en Quilmes y Lomas de Zamora<\/p>\n","protected":false},"author":2,"featured_media":121947,"comment_status":"closed","ping_status":"closed","sticky":false,"template":"","format":"standard","meta":{"footnotes":""},"categories":[2],"tags":[12],"class_list":["post-121946","post","type-post","status-publish","format-standard","has-post-thumbnail","hentry","category-informe-municipal","tag-buenos-aires"],"_links":{"self":[{"href":"http:\/\/argentinamunicipal.com.ar\/argentina\/wp-json\/wp\/v2\/posts\/121946","targetHints":{"allow":["GET"]}}],"collection":[{"href":"http:\/\/argentinamunicipal.com.ar\/argentina\/wp-json\/wp\/v2\/posts"}],"about":[{"href":"http:\/\/argentinamunicipal.com.ar\/argentina\/wp-json\/wp\/v2\/types\/post"}],"author":[{"embeddable":true,"href":"http:\/\/argentinamunicipal.com.ar\/argentina\/wp-json\/wp\/v2\/users\/2"}],"replies":[{"embeddable":true,"href":"http:\/\/argentinamunicipal.com.ar\/argentina\/wp-json\/wp\/v2\/comments?post=121946"}],"version-history":[{"count":0,"href":"http:\/\/argentinamunicipal.com.ar\/argentina\/wp-json\/wp\/v2\/posts\/121946\/revisions"}],"wp:featuredmedia":[{"embeddable":true,"href":"http:\/\/argentinamunicipal.com.ar\/argentina\/wp-json\/wp\/v2\/media\/121947"}],"wp:attachment":[{"href":"http:\/\/argentinamunicipal.com.ar\/argentina\/wp-json\/wp\/v2\/media?parent=121946"}],"wp:term":[{"taxonomy":"category","embeddable":true,"href":"http:\/\/argentinamunicipal.com.ar\/argentina\/wp-json\/wp\/v2\/categories?post=121946"},{"taxonomy":"post_tag","embeddable":true,"href":"http:\/\/argentinamunicipal.com.ar\/argentina\/wp-json\/wp\/v2\/tags?post=121946"}],"curies":[{"name":"wp","href":"https:\/\/api.w.org\/{rel}","templated":true}]}}