{"id":121963,"date":"2022-01-07T05:21:09","date_gmt":"2022-01-07T08:21:09","guid":{"rendered":"http:\/\/argentinamunicipal.com.ar\/argentina\/?p=121963"},"modified":"2022-01-06T20:24:55","modified_gmt":"2022-01-06T23:24:55","slug":"el-titular-de-la-union-obrera-de-la-construccion-presento-una-queja-por-violacion-a-la-libertad-sindical-ante-la-oit","status":"publish","type":"post","link":"http:\/\/argentinamunicipal.com.ar\/argentina\/el-titular-de-la-union-obrera-de-la-construccion-presento-una-queja-por-violacion-a-la-libertad-sindical-ante-la-oit\/","title":{"rendered":"El titular de la Uni\u00f3n Obrera de la Construcci\u00f3n present\u00f3 una queja por violaci\u00f3n a la libertad sindical ante la OIT"},"content":{"rendered":"<p>El titular de la Uni\u00f3n Obrera de la Construcci\u00f3n (Uocra), Gerardo Mart\u00ednez, present\u00f3 ante la jefa del Servicio de Libertad Sindical de la Organizaci\u00f3n Internacional del Trabajo (OIT), Karen Curtis, una queja por violaci\u00f3n a la libertad sindical en el gobierno macrista, luego de los dichos del exministro de Trabajo bonaerense Marcelo Villegas, quien asegur\u00f3 querer \u00abterminar con los gremios\u00bb.<\/p>\n<p>El titular de la Uni\u00f3n Obrera de la Construcci\u00f3n (Uocra), Gerardo Mart\u00ednez, present\u00f3 ante la jefa del Servicio de Libertad Sindical de la Organizaci\u00f3n Internacional del Trabajo (OIT), Karen Curtis, una queja por violaci\u00f3n a la libertad sindical en el gobierno macrista, luego de los dichos del exministro de Trabajo bonaerense Marcelo Villegas, quien asegur\u00f3 querer \u00abterminar con los gremios\u00bb.<\/p>\n<p>La denuncia de Mart\u00ednez, secretario de Relaciones Internacionales de la CGT, fue acompa\u00f1ada y respaldada por el triunvirato que integran H\u00e9ctor Daer, Carlos Acu\u00f1a y Pablo Moyano, quienes solicitaron a la funcionaria del organismo laboral tripartito que \u00abla central obrera sea incluida como querellante al momento de admitirse la queja\u00bb.<\/p>\n<p>Mart\u00ednez enfatiz\u00f3 que\u00a0la presentaci\u00f3n apunta a denunciar \u00abuna serie de hechos, actos, videos y dichos ocurridos en 2017 y conocidos en diciembre \u00faltimo, en clara violaci\u00f3n del derecho de libertad sindical reconocido y garantizado por los Convenios 87 y 98 de la OIT\u00bb, y sostuvo que las afirmaciones de Villegas procuraron \u00abcriminalizar la actividad sindical en un abierto y nada inocente intento para disciplinar a las entidades gremiales disconformes con la realidad de entonces\u00bb.<\/p>\n<p>\u00abEn esa reuni\u00f3n Villegas impuls\u00f3 la fabricaci\u00f3n de una causa judicial penal contra el por entonces l\u00edder de la filial La Plata de la Uocra, Juan Pablo Medina, y alarde\u00f3 incluso que el gobierno provincial de Mar\u00eda Eugenia Vidal ten\u00eda para ello la colaboraci\u00f3n de jueces, fiscales y la Procuraci\u00f3n General. Meses despu\u00e9s de ese encuentro en 2017 Medina fue encarcelado y procesado\u00bb, afirm\u00f3 Mart\u00ednez.<\/p>\n<p>En el escrito, Mart\u00ednez asegur\u00f3 que las declaraciones de Villegas implican \u00abla orquestaci\u00f3n de un operativo de persecuci\u00f3n al sindicalismo e iniciaci\u00f3n de causas judiciales, lo que entonces sospechaba el movimiento obrero\u00bb, y agreg\u00f3 que Cambiemos mont\u00f3 \u00abbases de espionaje ilegal\u00bb contra la dirigencia gremial.<\/p>\n<p>Mart\u00ednez repudi\u00f3 la gesti\u00f3n del expresidente Mauricio Macri, quien procur\u00f3 imponer \u00abun ambiente amigable para los inversores y libre de las rigideces y excesivos costos laborales\u00bb, y sostuvo que esa gesti\u00f3n incursion\u00f3 \u00aben pr\u00e1cticas antisindicales denigratorias para con los trabajadores y los representantes de sus organizaciones\u00bb.<\/p>\n<p>\u00abAnte la protesta sindical, Juntos por el Cambio implement\u00f3 y profundiz\u00f3 las acciones represivas contra los trabajadores y sus sindicatos, mientras retroced\u00edan los derechos laborales y se generaba una creciente conflictividad social. Hubo detenciones arbitrarias e inicio de causas judiciales\u00bb, puntualiz\u00f3 el dirigente.<\/p>\n<p>Tambi\u00e9n sostuvo que \u00abla apertura y sostenimiento en el tiempo de causas penales contra manifestantes, trabajadores y dirigentes fue parte de una estrategia estatal para criminalizar la protesta y sembrar el miedo como factor de disuasi\u00f3n\u00bb.<\/p>\n<p>Mart\u00ednez agreg\u00f3 que se procur\u00f3 utilizar \u00abel derecho penal para penalizar no las conductas delictivas sino para elegir a determinadas personas y castigarlas por ser trabajadores y dirigentes sindicales de los sectores populares, que a diario son demonizados por los medios masivos de comunicaci\u00f3n\u00bb, afirm\u00f3 en el escrito.<\/p>\n<p>Tambi\u00e9n denunci\u00f3 que en esa \u00e9poca se interven\u00edan sindicatos con la complicidad judicial y que el Ministerio de Trabajo apel\u00f3 a pr\u00e1cticas antisindicales denigrantes, como \u00ablas auditor\u00edas y las recomendaciones electorales a los gremios, entre otras\u00bb.<\/p>\n<p>Mart\u00ednez present\u00f3 pruebas de la denuncia ante la OIT y reclam\u00f3 que el organismo laboral tripartito admita \u00abla queja y se constituya un caso sometido a ex\u00e1men del Comit\u00e9 de Libertad Sindical; que apruebe que esos hechos son muy graves y merecen un urgente tr\u00e1mite; que requiera informaci\u00f3n detallada al Gobierno argentino y que garantice el pleno goce de los derechos y garant\u00edas gremiales\u00bb.<\/p>\n<h6>Fuente: Telam<\/h6>\n","protected":false},"excerpt":{"rendered":"<p>El titular de la Uni\u00f3n Obrera de la Construcci\u00f3n (Uocra), Gerardo Mart\u00ednez, present\u00f3 ante la jefa del Servicio de Libertad Sindical de la Organizaci\u00f3n Internacional del Trabajo (OIT), Karen Curtis, una queja por violaci\u00f3n a la libertad sindical en el gobierno macrista<\/p>\n","protected":false},"author":2,"featured_media":121964,"comment_status":"closed","ping_status":"closed","sticky":false,"template":"","format":"standard","meta":{"footnotes":""},"categories":[4],"tags":[12],"class_list":["post-121963","post","type-post","status-publish","format-standard","has-post-thumbnail","hentry","category-informe-politico","tag-buenos-aires"],"_links":{"self":[{"href":"http:\/\/argentinamunicipal.com.ar\/argentina\/wp-json\/wp\/v2\/posts\/121963","targetHints":{"allow":["GET"]}}],"collection":[{"href":"http:\/\/argentinamunicipal.com.ar\/argentina\/wp-json\/wp\/v2\/posts"}],"about":[{"href":"http:\/\/argentinamunicipal.com.ar\/argentina\/wp-json\/wp\/v2\/types\/post"}],"author":[{"embeddable":true,"href":"http:\/\/argentinamunicipal.com.ar\/argentina\/wp-json\/wp\/v2\/users\/2"}],"replies":[{"embeddable":true,"href":"http:\/\/argentinamunicipal.com.ar\/argentina\/wp-json\/wp\/v2\/comments?post=121963"}],"version-history":[{"count":0,"href":"http:\/\/argentinamunicipal.com.ar\/argentina\/wp-json\/wp\/v2\/posts\/121963\/revisions"}],"wp:featuredmedia":[{"embeddable":true,"href":"http:\/\/argentinamunicipal.com.ar\/argentina\/wp-json\/wp\/v2\/media\/121964"}],"wp:attachment":[{"href":"http:\/\/argentinamunicipal.com.ar\/argentina\/wp-json\/wp\/v2\/media?parent=121963"}],"wp:term":[{"taxonomy":"category","embeddable":true,"href":"http:\/\/argentinamunicipal.com.ar\/argentina\/wp-json\/wp\/v2\/categories?post=121963"},{"taxonomy":"post_tag","embeddable":true,"href":"http:\/\/argentinamunicipal.com.ar\/argentina\/wp-json\/wp\/v2\/tags?post=121963"}],"curies":[{"name":"wp","href":"https:\/\/api.w.org\/{rel}","templated":true}]}}