{"id":122011,"date":"2022-01-10T06:36:03","date_gmt":"2022-01-10T09:36:03","guid":{"rendered":"http:\/\/argentinamunicipal.com.ar\/argentina\/?p=122011"},"modified":"2022-01-10T06:36:03","modified_gmt":"2022-01-10T09:36:03","slug":"formosa-se-prepara-para-la-fiesta-nacional-e-internacional-del-rio-mate-y-terere","status":"publish","type":"post","link":"http:\/\/argentinamunicipal.com.ar\/argentina\/formosa-se-prepara-para-la-fiesta-nacional-e-internacional-del-rio-mate-y-terere\/","title":{"rendered":"Formosa se prepara para la \u00abFiesta Nacional e Internacional del R\u00edo, Mate y Terer\u00e9\u00bb"},"content":{"rendered":"<p>La festividad se desarrollar\u00e1 los d\u00edas 21, 22 y 23 de enero a orillas del R\u00edo Paraguay en la ciudad de Formosa.<\/p>\n<p>La sexta edici\u00f3n de la \u201cFiesta Nacional e Internacional del R\u00edo, Mate y Terer\u00e9\u201d, se desarrollar\u00e1 los d\u00edas 21, 22 y 23 de enero a orillas del R\u00edo Paraguay en la ciudad de Formosa, que \u201cser\u00e1 un gran espacio de esparcimiento para los formose\u00f1os y los turistas que est\u00e1n visitando nuestra provincia\u201d, inform\u00f3 a T\u00e9lam Cristina Salom\u00f3n, directora de Turismo de la capital provincial.<\/p>\n<p>La funcionaria destac\u00f3 que \u201cnuestro estatus sanitario nos permite llevar adelante esta fiesta, ya que tenemos m\u00e1s del 90% de la poblaci\u00f3n vacunada, y ser\u00e1 nuestra apertura a lo grande del verano 2022 en Formosa, en un gran espacio de esparcimiento para los formose\u00f1os y los turistas que est\u00e1n visitando nuestra provincia\u201d.<\/p>\n<p>\u201cLa fiesta se realizar\u00e1 en el coqueto predio del Paseo Ferroviario y en distintos puntos de la ribera del r\u00edo Paraguay y contar\u00e1 con la feria art\u00edstica, empresarial y artesanal, donde estar\u00e1 expuesto todo lo referente a las ra\u00edces e identidad formose\u00f1a\u201d, cont\u00f3 a T\u00e9lam Salom\u00f3n.<\/p>\n<p>Y agreg\u00f3 que desde all\u00ed es donde presentaremos a Formosa al mundo, ya que es una de las formas de hacernos visibles y darnos a conocer, mostrando lo que es la pluricultura que albergamos y todo lo que concierne a la belleza de nuestro majestuoso R\u00edo Paraguay\u00bb.<\/p>\n<p>Adelant\u00f3 adem\u00e1s que se est\u00e1 promocionado la fiesta en diferentes provincias y en otros pa\u00edses, \u201ccomo Paraguay y Uruguay, donde precisamente ir\u00e1 un contingente de formose\u00f1os de la \u201cBarra de Pesca Piray\u00fa\u201d para promover el evento, como as\u00ed tambi\u00e9n lo haremos en la Fiesta del Chup\u00edn, que se realiza el pr\u00f3ximo s\u00e1bado 15 en Puerto Eva Per\u00f3n, Chaco\u201d.<\/p>\n<p>\u201cLa difusi\u00f3n nacional se hace a trav\u00e9s del programa Fiestas Argentinas con muy buena repercusi\u00f3n, ya que estamos recibiendo llamados y mensajes de medios nacionales e internacionales, lo que habla a las claras del gran inter\u00e9s que el evento ha despertado\u201d, coment\u00f3 Salom\u00f3n.<\/p>\n<p>\u201cEl Ministerio de Turismo de la Provincia est\u00e1 trabajando mancomunadamente con nosotros para que trascienda esta actividad, volviendo a tomar al turismo como pilar de reactivaci\u00f3n econ\u00f3mica, luego de todas las dificultades que atravesamos durante estos a\u00f1os\u201d, subray\u00f3.<\/p>\n<p>El lanzamiento oficial del evento tendr\u00e1 lugar el pr\u00f3ximo viernes 14, a las 19, en el predio del Galp\u00f3n G, en el Paseo Costanero Vuelta Fermoza, ocasi\u00f3n en que se dar\u00e1 a conocer la grilla art\u00edstica completa con baluartes netamente formose\u00f1os, ya que es una fiesta que tiene que ver con nosotros y con el orgullo de mostrar nuestras ra\u00edces\u201d.<\/p>\n<p>Por \u00faltimo, la funcionaria cont\u00f3 alguna de las actividades m\u00e1s convocantes, \u201clas cuales, tal como en a\u00f1os anteriores, se centran en la Pesca Embarcada a Motor y en la Carrera de Mozos y Camareras, que ya lo hicimos con Uthgra con gran \u00e9xito en a\u00f1os anteriores, adem\u00e1s de numerosas disciplinas deportivas y atractivas presentaciones art\u00edsticas que engalanar\u00e1n el mega evento\u201d.<\/p>\n<h6>Fuente: Telam<\/h6>\n","protected":false},"excerpt":{"rendered":"<p>La festividad se desarrollar\u00e1 los d\u00edas 21, 22 y 23 de enero a orillas del R\u00edo Paraguay en la ciudad de Formosa.\u00a0<\/p>\n","protected":false},"author":2,"featured_media":122012,"comment_status":"closed","ping_status":"closed","sticky":false,"template":"","format":"standard","meta":{"footnotes":""},"categories":[47],"tags":[24],"class_list":["post-122011","post","type-post","status-publish","format-standard","has-post-thumbnail","hentry","category-fiestas","tag-formosa"],"_links":{"self":[{"href":"http:\/\/argentinamunicipal.com.ar\/argentina\/wp-json\/wp\/v2\/posts\/122011","targetHints":{"allow":["GET"]}}],"collection":[{"href":"http:\/\/argentinamunicipal.com.ar\/argentina\/wp-json\/wp\/v2\/posts"}],"about":[{"href":"http:\/\/argentinamunicipal.com.ar\/argentina\/wp-json\/wp\/v2\/types\/post"}],"author":[{"embeddable":true,"href":"http:\/\/argentinamunicipal.com.ar\/argentina\/wp-json\/wp\/v2\/users\/2"}],"replies":[{"embeddable":true,"href":"http:\/\/argentinamunicipal.com.ar\/argentina\/wp-json\/wp\/v2\/comments?post=122011"}],"version-history":[{"count":0,"href":"http:\/\/argentinamunicipal.com.ar\/argentina\/wp-json\/wp\/v2\/posts\/122011\/revisions"}],"wp:featuredmedia":[{"embeddable":true,"href":"http:\/\/argentinamunicipal.com.ar\/argentina\/wp-json\/wp\/v2\/media\/122012"}],"wp:attachment":[{"href":"http:\/\/argentinamunicipal.com.ar\/argentina\/wp-json\/wp\/v2\/media?parent=122011"}],"wp:term":[{"taxonomy":"category","embeddable":true,"href":"http:\/\/argentinamunicipal.com.ar\/argentina\/wp-json\/wp\/v2\/categories?post=122011"},{"taxonomy":"post_tag","embeddable":true,"href":"http:\/\/argentinamunicipal.com.ar\/argentina\/wp-json\/wp\/v2\/tags?post=122011"}],"curies":[{"name":"wp","href":"https:\/\/api.w.org\/{rel}","templated":true}]}}