{"id":122045,"date":"2022-01-10T22:01:34","date_gmt":"2022-01-11T01:01:34","guid":{"rendered":"http:\/\/argentinamunicipal.com.ar\/argentina\/?p=122045"},"modified":"2022-01-10T22:01:34","modified_gmt":"2022-01-11T01:01:34","slug":"brasil-ano-nuevo","status":"publish","type":"post","link":"http:\/\/argentinamunicipal.com.ar\/argentina\/brasil-ano-nuevo\/","title":{"rendered":"Brasil: \u00bfA\u00f1o nuevo?"},"content":{"rendered":"<p>Llevamos nueve d\u00edas de 2022, pero la verdad es que, al menos en este\u00a0Brasil\u00a0destrozado,\u00a0seguimos como en los peores momentos de 2021, el a\u00f1o maldito que parece no terminar nunca.<\/p>\n<p>La pandemia de covid enfrenta un nuevo brote, esta vez de la variante Omicron, pero nadie sabe de qu\u00e9 proporciones. Hospitales p\u00fablicos y privados reciben legiones de pacientes, no conozco a nadie que no tenga alg\u00fan caso en la familia o en gente cercana, pero el verdadero n\u00famero de infectados es desconocido.<\/p>\n<p>Adem\u00e1s hay una nueva\u00a0epidemia de influenza, un tipo muy severo de gripe, que tambi\u00e9n lleva a internaciones en hospitales.<\/p>\n<p>Los m\u00e1s atentos y que pueden pagar por un test de covid buscan fren\u00e9ticamente por farmacias y laboratorios cl\u00ednicos. Los dem\u00e1s no tienen a quien o ad\u00f3nde acudir:\u00a0no hay ninguna acci\u00f3n del gobierno para expandir el testeo, las personas que tienen recursos act\u00faan por iniciativa propia, las dem\u00e1s quedan al sabor del viento.<\/p>\n<p>El ablandamiento de medidas m\u00ednimas de restricci\u00f3n en el fin del a\u00f1o que no acab\u00f3 caus\u00f3 efecto: en la ciudad de R\u00edo de Janeiro, por ejemplo, la proporci\u00f3n de diagn\u00f3sticos confirmados en el testeo aument\u00f3 de 0,7% de principios del pasado diciembre para 46% en esta primera semana de enero.<\/p>\n<p>Todo eso ocurre mientras dos otros factores aumentan la preocupaci\u00f3n general, pero muy especialmente de m\u00e9dicos y funcionarios de salud.<\/p>\n<p>El primer factor es la\u00a0falta de datos actualizados de la pandemia\u00a0y que servir\u00edan para la elaboraci\u00f3n de an\u00e1lisis concretos sobre los casos de internaciones, contagio y \u00f3bitos, adem\u00e1s de saber cu\u00e1les son las localidades m\u00e1s afectadas y la edad con mayor incidencia de Covid.<\/p>\n<p>A ra\u00edz de esa falta los m\u00e9dicos y cient\u00edficos responsables no tienen c\u00f3mo elaborar informes que servir\u00edan de base para establecer acciones.<\/p>\n<p>La causa de esa confusi\u00f3n est\u00e1 en la acci\u00f3n de\u00a0hackers en el sistema de informaci\u00f3n del ministerio de Salud. Ocurre que esa acci\u00f3n se dio\u00a0el 10 de diciembre, y pasado un mes nadie en el ministerio o en el gobierno logr\u00f3 sanar el problema. Parece incre\u00edble semejante ineptitud, pero as\u00ed es.<\/p>\n<p>Hay fuertes sospechas de que el hacker en cuesti\u00f3n sea alguien del mismo ministerio. Es que la salida de los datos hacia el espacio coincidi\u00f3 con otra ofensiva del presidente\u00a0Jair Bolsonaro\u00a0y de su ministro de Salud contra la exigencia del llamado \u00abpasaporte de vacuna\u00bb, o sea, que para ingresar o frecuentar determinados lugares sea obligatoria la presentaci\u00f3n del certificado de vacunaci\u00f3n.<\/p>\n<p>Al hacer desaparecer el registro de vacunados, el hacker llev\u00f3 todo el resto para el espacio. El ministerio asegura que los datos fueron preservados, pero nadie logra acceder a ellos\u00a0y menos a\u00fan actualizarlos.<\/p>\n<p>Tanto\u00a0el ultraderechista mandatario como su ministro son radicalmente contrarios a la exigencia del \u201cpasaporte\u201d, pero nada pueden hacer: por determinaci\u00f3n de la corte suprema de Justicia, la palabra final las tienen alcaldes y gobernadores. Y la inmensa mayor\u00eda aprueba la medida.<\/p>\n<p>El otro factor determinante para que el cuadro preocupante se fortalezca est\u00e1 en la acci\u00f3n de\u00a0Bolsonaro.<\/p>\n<p>Pese a la nueva crisis, \u00e9l\u00a0sigue en campa\u00f1a permanente contra la vacuna\u00a0y toda y cualquier medida de prevenci\u00f3n. Junto a su ministro de Salud, pone especial \u00e9nfasis en dar combate a la vacunaci\u00f3n de ni\u00f1os entre 5 y 11 a\u00f1os.<\/p>\n<p>A mediados de diciembre la agencia reguladora de Salud aprob\u00f3 la medida, pero el ministerio de Salud reci\u00e9n la autoriz\u00f3 el pasado d\u00eda 5, a ra\u00edz de la determinaci\u00f3n del Supremo Tribunal Federal.<\/p>\n<p>Con eso se retras\u00f3 la compra del inmunizante y, como consecuencia, de su aplicaci\u00f3n, que reci\u00e9n empezar\u00e1 a fin de mes y en escala muy por debajo de lo que podr\u00eda y deber\u00eda ser.<\/p>\n<p>Bolsonaro seguir\u00e1 promoviendo aglomeraciones, poniendo en rid\u00edculo medidas b\u00e1sicas de protecci\u00f3n, como el uso de barbijos, descalificando la vacuna, retrasando su compra, tratando por todos los medios de sabotear su aplicaci\u00f3n. Su conducta ser\u00e1 seguida por su fidel\u00edsimo ministro de Salud.<\/p>\n<p>Pese a tal actitud criminal, 67% de la poblaci\u00f3n brasile\u00f1a adulta ya se vacun\u00f3. Y eso significa, entre otras cosas, que cada vez m\u00e1s Bolsonaro se dirige especialmente al n\u00facleo m\u00e1s duro de sus seguidores m\u00e1s radicales, y es cada vez menos o\u00eddo por la inmensa mayor\u00eda de la poblaci\u00f3n.<\/p>\n<p>El problema, entonces, no se resume a lo que \u00e9l dice o deja de decir, pero s\u00ed a lo que \u00e9l hace \u2013 promover aglomeraciones, incentivar la ignorancia \u2013 y lo que deja de hacer: comprar inmunizantes para todos.<\/p>\n<p>S\u00ed, s\u00ed: vamos por el noveno d\u00eda de 2022, y\u00a0surgen claras se\u00f1ales de que el a\u00f1o solo ser\u00e1 nuevo a partir del domingo 2 de octubre, cuando ocurrir\u00e1n elecciones presidenciales.<\/p>\n<p>Ser\u00e1 un largo tiempo de tensiones y peligros, tal como estaba previsto.<\/p>\n<p>Lo que nadie puede prever es su dimensi\u00f3n. Al fin y al cabo, Jair Bolsonaro no es un caso para analistas y cient\u00edficos pol\u00edticos: es para psiquiatras.<\/p>\n<p>Por Eric Nepomuceno<\/p>\n<h6>Fuente: P\u00e1gina 12<\/h6>\n","protected":false},"excerpt":{"rendered":"<p>Llevamos nueve d\u00edas de 2022, pero la verdad es que, al menos en este\u00a0Brasil\u00a0destrozado,\u00a0seguimos como en los peores momentos de 2021, el a\u00f1o maldito que parece no terminar nunca.<\/p>\n","protected":false},"author":2,"featured_media":122046,"comment_status":"closed","ping_status":"closed","sticky":false,"template":"","format":"standard","meta":{"footnotes":""},"categories":[22],"tags":[57],"class_list":["post-122045","post","type-post","status-publish","format-standard","has-post-thumbnail","hentry","category-el-mundo","tag-el-mundo"],"_links":{"self":[{"href":"http:\/\/argentinamunicipal.com.ar\/argentina\/wp-json\/wp\/v2\/posts\/122045","targetHints":{"allow":["GET"]}}],"collection":[{"href":"http:\/\/argentinamunicipal.com.ar\/argentina\/wp-json\/wp\/v2\/posts"}],"about":[{"href":"http:\/\/argentinamunicipal.com.ar\/argentina\/wp-json\/wp\/v2\/types\/post"}],"author":[{"embeddable":true,"href":"http:\/\/argentinamunicipal.com.ar\/argentina\/wp-json\/wp\/v2\/users\/2"}],"replies":[{"embeddable":true,"href":"http:\/\/argentinamunicipal.com.ar\/argentina\/wp-json\/wp\/v2\/comments?post=122045"}],"version-history":[{"count":0,"href":"http:\/\/argentinamunicipal.com.ar\/argentina\/wp-json\/wp\/v2\/posts\/122045\/revisions"}],"wp:featuredmedia":[{"embeddable":true,"href":"http:\/\/argentinamunicipal.com.ar\/argentina\/wp-json\/wp\/v2\/media\/122046"}],"wp:attachment":[{"href":"http:\/\/argentinamunicipal.com.ar\/argentina\/wp-json\/wp\/v2\/media?parent=122045"}],"wp:term":[{"taxonomy":"category","embeddable":true,"href":"http:\/\/argentinamunicipal.com.ar\/argentina\/wp-json\/wp\/v2\/categories?post=122045"},{"taxonomy":"post_tag","embeddable":true,"href":"http:\/\/argentinamunicipal.com.ar\/argentina\/wp-json\/wp\/v2\/tags?post=122045"}],"curies":[{"name":"wp","href":"https:\/\/api.w.org\/{rel}","templated":true}]}}