{"id":122054,"date":"2022-01-11T05:00:17","date_gmt":"2022-01-11T08:00:17","guid":{"rendered":"http:\/\/argentinamunicipal.com.ar\/argentina\/?p=122054"},"modified":"2022-01-10T22:10:33","modified_gmt":"2022-01-11T01:10:33","slug":"el-ministerio-de-las-mujeres-neuquino-amplia-programas-en-el-interior","status":"publish","type":"post","link":"http:\/\/argentinamunicipal.com.ar\/argentina\/el-ministerio-de-las-mujeres-neuquino-amplia-programas-en-el-interior\/","title":{"rendered":"El ministerio de las Mujeres neuquino amplia programas en el interior"},"content":{"rendered":"<p>Se dio inicio a las mesas de trabajo para la implementaci\u00f3n de pol\u00edticas p\u00fablicas con perspectiva de g\u00e9nero en los municipios de Alumin\u00e9 y Villa Pehuenia.<\/p>\n<p>El Ministerio de las Mujeres y Diversidad encabezado por Mar\u00eda Eugenia Ferraresso comenz\u00f3 a desarrollar una serie de reuniones con los intendentes de Alumin\u00e9, Gabriel Alamo, y de Villa Pehuenia, Carmen Cordero, para interiorizarse sobre el funcionamiento de los programas y dispositivos existentes.<\/p>\n<p>En ambos casos\u00a0participaron los respectivos equipos municipales, quienes se abocaron a la planificaci\u00f3n de nuevas acciones que permitir\u00e1n fortalecer el rol de las mujeres y diversidades en el \u00e1mbito laboral, social, cultural y deportivo. \u201cEstamos ampliando derechos, tejiendo redes que nos posibiliten una mayor presencia y acompa\u00f1amiento con equidad territorial\u201d expres\u00f3 la funcionaria.<\/p>\n<p>Durante las jornadas,\u00a0la ministra destac\u00f3 la importancia de realizar un trabajo transversal para que la perspectiva de g\u00e9nero se encuentre presente en todas las \u00e1reas de gobierno. \u201cEs fundamental que realicemos un enfoque transdisciplinario en las cuestiones de g\u00e9nero, es en este sentido que resulta necesario la incorporaci\u00f3n a los presupuestos de esta mirada inclusiva. La distribuci\u00f3n equitativa de los recursos en funci\u00f3n del g\u00e9nero es un camino para construir igualdad. Las pol\u00edticas p\u00fablicas de g\u00e9nero no tienen que ser un cap\u00edtulo aparte, tienen que estar en cada acci\u00f3n gubernamental\u201d se\u00f1al\u00f3.<\/p>\n<p>Por su parte, el intendente \u00c1lamo celebr\u00f3 la creaci\u00f3n del flamante ministerio que da cuenta de la iniciativa pol\u00edtica de generar igualdad de oportunidad y reconocimiento de derechos. En el mismo sentido, la jefa comunal de Villa Pehuenia, Carmen Cordero, agradeci\u00f3 la posibilidad de poder avanzar en una agenda de trabajo conjunta, con acciones concretas que permitan fortalecer el abordaje integral que se viene desarrollando con las mujeres y el colectivo de diversidad sexual.<\/p>\n<p>De este \u00faltimo encuentro tambi\u00e9n participaron integrantes de la cooperativa \u201cKudawfe\u201d de Villa Pehuenia quienes a trav\u00e9s del trabajo genuino y el cooperativismo buscan dar oportunidades concretas al problema de la empleabilidad de otras mujeres.<\/p>\n<p>Por \u00faltimo, Ferraresso remarc\u00f3 que: \u201cA trav\u00e9s del trabajo participativo, nos proponemos ampliar miradas, romper estereotipos que nos permitan avanzar hacia la plena e igualitaria participaci\u00f3n de las mujeres y las personas LGBTI+ en la vida social, pol\u00edtica, econ\u00f3mica y cultural de nuestra provincia\u201d.<\/p>\n<h6>Fuente: La Ma\u00f1ana Neuqu\u00e9n<\/h6>\n","protected":false},"excerpt":{"rendered":"<p>Se dio inicio a las mesas de trabajo para la implementaci\u00f3n de pol\u00edticas p\u00fablicas con perspectiva de g\u00e9nero en los municipios de Alumin\u00e9 y Villa Pehuenia.<\/p>\n","protected":false},"author":2,"featured_media":122055,"comment_status":"closed","ping_status":"closed","sticky":false,"template":"","format":"standard","meta":{"footnotes":""},"categories":[2],"tags":[23],"class_list":["post-122054","post","type-post","status-publish","format-standard","has-post-thumbnail","hentry","category-informe-municipal","tag-neuquen"],"_links":{"self":[{"href":"http:\/\/argentinamunicipal.com.ar\/argentina\/wp-json\/wp\/v2\/posts\/122054","targetHints":{"allow":["GET"]}}],"collection":[{"href":"http:\/\/argentinamunicipal.com.ar\/argentina\/wp-json\/wp\/v2\/posts"}],"about":[{"href":"http:\/\/argentinamunicipal.com.ar\/argentina\/wp-json\/wp\/v2\/types\/post"}],"author":[{"embeddable":true,"href":"http:\/\/argentinamunicipal.com.ar\/argentina\/wp-json\/wp\/v2\/users\/2"}],"replies":[{"embeddable":true,"href":"http:\/\/argentinamunicipal.com.ar\/argentina\/wp-json\/wp\/v2\/comments?post=122054"}],"version-history":[{"count":0,"href":"http:\/\/argentinamunicipal.com.ar\/argentina\/wp-json\/wp\/v2\/posts\/122054\/revisions"}],"wp:featuredmedia":[{"embeddable":true,"href":"http:\/\/argentinamunicipal.com.ar\/argentina\/wp-json\/wp\/v2\/media\/122055"}],"wp:attachment":[{"href":"http:\/\/argentinamunicipal.com.ar\/argentina\/wp-json\/wp\/v2\/media?parent=122054"}],"wp:term":[{"taxonomy":"category","embeddable":true,"href":"http:\/\/argentinamunicipal.com.ar\/argentina\/wp-json\/wp\/v2\/categories?post=122054"},{"taxonomy":"post_tag","embeddable":true,"href":"http:\/\/argentinamunicipal.com.ar\/argentina\/wp-json\/wp\/v2\/tags?post=122054"}],"curies":[{"name":"wp","href":"https:\/\/api.w.org\/{rel}","templated":true}]}}