{"id":12208,"date":"2014-07-25T08:47:39","date_gmt":"2014-07-25T11:47:39","guid":{"rendered":"http:\/\/argentinamunicipal.com.ar\/argentina\/?p=12208"},"modified":"2014-07-25T08:47:39","modified_gmt":"2014-07-25T11:47:39","slug":"caminos-rurales-en-buenos-aires-intendentes-k-se-llevaron-el-compromiso-de-planes-de-asistencia","status":"publish","type":"post","link":"http:\/\/argentinamunicipal.com.ar\/argentina\/caminos-rurales-en-buenos-aires-intendentes-k-se-llevaron-el-compromiso-de-planes-de-asistencia\/","title":{"rendered":"Caminos rurales en Buenos Aires: Intendentes K se llevaron el compromiso de planes de asistencia"},"content":{"rendered":"<p><a href=\"http:\/\/argentinamunicipal.com.ar\/argentina\/wp-content\/uploads\/2014\/07\/20140724141553_emagrop.jpg\"><img loading=\"lazy\" decoding=\"async\" class=\"aligncenter size-full wp-image-12209\" src=\"http:\/\/argentinamunicipal.com.ar\/argentina\/wp-content\/uploads\/2014\/07\/20140724141553_emagrop.jpg\" alt=\"20140724141553_emagrop\" width=\"620\" height=\"340\" srcset=\"http:\/\/argentinamunicipal.com.ar\/argentina\/wp-content\/uploads\/2014\/07\/20140724141553_emagrop.jpg 620w, http:\/\/argentinamunicipal.com.ar\/argentina\/wp-content\/uploads\/2014\/07\/20140724141553_emagrop-300x164.jpg 300w\" sizes=\"auto, (max-width: 620px) 100vw, 620px\" \/><\/a><br \/>\nEn un encuentro mantenido con funcionarios del Ministerio de Agricultura, Ganader\u00eda y Pesca de la Naci\u00f3n, los jefes comunales del interior bonaerense enrolados en el kirchnerismo se llevaron el compromiso de evaluar un plan para cada distrito.<\/p>\n<p>M\u00e1s de veinte intendentes kirchneristas del interior bonaerense, que manifestaron su preocupaci\u00f3n por el estado de los caminos rurales, acordaron con autoridades del Ministerio de Agricultura de la Naci\u00f3n, un plan de asistencia para hacer frente al deterioro ocasionado por las intensas lluvias.<\/p>\n<p>Seg\u00fan se inform\u00f3, se acord\u00f3 la presentaci\u00f3n de proyectos puntuales por distrito para la reparaci\u00f3n y rehabilitaci\u00f3n de los caminos rurales afectados, y se program\u00f3, para las pr\u00f3ximas dos semanas, un nuevo encuentro para formalizar \u201cla implementaci\u00f3n de la asistencia que ser\u00e1 aplicada en cada caso a partir de la finalizaci\u00f3n de la estaci\u00f3n h\u00fameda\u201d.<\/p>\n<p>Del encuentro participaron jefes comunales de distritos de la cuenca del R\u00edo Luj\u00e1n, la Media y Baja del R\u00edo Salado y del Samboromb\u00f3n, muchos de ellos con reclamos de productores y entidades agropecuarias por el estado de los caminos, que en algunos casos, imposibilita el retiro de la cosecha.<\/p>\n<p>\u201cTodos los intendentes estamos complicados por la situaci\u00f3n y tenemos las m\u00e1quinas viales comprometidas en este asunto. No se trata de un reclamo sino de la necesidad de realizar una inversi\u00f3n no presupuesta por la cuesti\u00f3n clim\u00e1tica\u201d, destac\u00f3 a INFOCIELO, el jefe comunal de General Belgrano, Jorge Eijo.<\/p>\n<p>Presionados por productores y entidades agropecuarias, el grupo de los intendentes \u2013muchos integrantes del Grupo de los \u00b430\u2013 se llev\u00f3 del secretario de Coordinaci\u00f3n Pol\u00edtico Institucional y Emergencia Agropecuaria de la Naci\u00f3n, Javier Rodr\u00edguez, el compromiso de una atenci\u00f3n personalizada.<\/p>\n<p>En el encuentro, Rodr\u00edguez se mostr\u00f3 acompa\u00f1ado Gabriel Scalerandi, Director Nacional de Emergencia y Desastre Agropecuario y Edgardo Gr\u00fcnfeld, Director Nacional de Relaciones con Provincias, Municipios y ONG<\/p>\n<p>Desde el grupo de intendentes se se\u00f1al\u00f3 que los caminos no s\u00f3lo est\u00e1n afectados \u201csino devastados\u201d. \u201cEn lo que va del a\u00f1o cayeron en Belgrano 940 mil\u00edmetros cuando la media anual es de 800. Tenemos muy cerca al R\u00edo Salado, todas las m\u00e1quinas dedicadas a los caminos y hasta bombas de agua alquiladas\u201d, complet\u00f3 Eijo a este portal.<\/p>\n<p>Los mandatarios acordaron mantenerse en alerta para monitorear el avance del fen\u00f3meno y confirmaron un futuro encuentro de trabajo en el Ministerio de Econom\u00eda de la Naci\u00f3n con el Ministro de Planificaci\u00f3n Julio De Vido y otro, previsto para la pr\u00f3xima semana, con la ministra de Gobierno, Cristina \u00c1lvarez Rodr\u00edguez.<\/p>\n<p>Del encuentro participaron los intendentes Gast\u00f3n Arias (Brandsen), Mario Secco (Ensenada), Daniel Di Sabatino (San Vicente), Juan Carlos Cal\u00f3 (Las Heras), Gustavo Sobrero (Lobos), Gustavo Arrieta (Ca\u00f1uelas), Fernando Gray (Esteban Echeverr\u00eda), Antonio Delfino (Suipacha), Juan Carlos Veramendi (General Paz), Alberto Gelen\u00e9 (Las Flores), Adriana Arguello (Lober\u00eda), Cristian Popovich (General Madariaga), Juan Carlos Gasparini (Roque P\u00e9rez), Jos\u00e9 Echeverr\u00eda (Balcarce), Jos\u00e9 Inza (Azul), H\u00e9ctor Olivera (Tordillo), Enrique Slezack (Berisso), Osvaldo C\u00e1ffaro (Z\u00e1rate), Jos\u00e9 Mart\u00ednez (Gonz\u00e1les Ch\u00e1ves), Jorge Alejandro Eijo (Gral. Belgrano), Gustavo Walker (Pila), Jos\u00e9 Luis Vidal (Necochea), Gustavo Cocconi (Tapalqu\u00e9),) Ricardo Curuchet (Marcos Paz), Ra\u00fal Basualdo (San Miguel del Monte), y el diputado An\u00edbal Regueiro, en representaci\u00f3n de Presidente Per\u00f3n.<\/p>\n<p>Todos ellos firmaron a principios de semana un documento en el que piden \u201cdisculpas\u201d a sus comunidades por el estado de los caminos, achacado a \u201cun \u00b7r\u00e9gimen de lluvia inusual\u201d, por el que compararon la situaci\u00f3n actual con la de 1988 por la intensidad y frecuencia de las precipitaciones.<\/p>\n<p>En ese comunicado, en el que si bien no hubo cr\u00edticas a ning\u00fan sector, calificaron a la situaci\u00f3n actual como de \u201cuna emergencia vial no declarada\u201d, raz\u00f3n por la que asumieron el compromiso de gestionar asistencia ante organismos nacionales y provinciales.<\/p>\n<h6>Fuente: InfoCielo<\/h6>\n","protected":false},"excerpt":{"rendered":"<p>En un encuentro mantenido con funcionarios del Ministerio de Agricultura, Ganader\u00eda y Pesca de la Naci\u00f3n, los jefes comunales del interior bonaerense enrolados en el kirchnerismo se llevaron el compromiso de evaluar un plan para cada distrito. M\u00e1s de veinte intendentes kirchneristas del interior bonaerense, que manifestaron su preocupaci\u00f3n por el estado de los caminos<\/p>\n","protected":false},"author":2,"featured_media":12209,"comment_status":"closed","ping_status":"closed","sticky":false,"template":"","format":"standard","meta":{"footnotes":""},"categories":[2],"tags":[12],"class_list":["post-12208","post","type-post","status-publish","format-standard","has-post-thumbnail","hentry","category-informe-municipal","tag-buenos-aires"],"_links":{"self":[{"href":"http:\/\/argentinamunicipal.com.ar\/argentina\/wp-json\/wp\/v2\/posts\/12208","targetHints":{"allow":["GET"]}}],"collection":[{"href":"http:\/\/argentinamunicipal.com.ar\/argentina\/wp-json\/wp\/v2\/posts"}],"about":[{"href":"http:\/\/argentinamunicipal.com.ar\/argentina\/wp-json\/wp\/v2\/types\/post"}],"author":[{"embeddable":true,"href":"http:\/\/argentinamunicipal.com.ar\/argentina\/wp-json\/wp\/v2\/users\/2"}],"replies":[{"embeddable":true,"href":"http:\/\/argentinamunicipal.com.ar\/argentina\/wp-json\/wp\/v2\/comments?post=12208"}],"version-history":[{"count":0,"href":"http:\/\/argentinamunicipal.com.ar\/argentina\/wp-json\/wp\/v2\/posts\/12208\/revisions"}],"wp:featuredmedia":[{"embeddable":true,"href":"http:\/\/argentinamunicipal.com.ar\/argentina\/wp-json\/wp\/v2\/media\/12209"}],"wp:attachment":[{"href":"http:\/\/argentinamunicipal.com.ar\/argentina\/wp-json\/wp\/v2\/media?parent=12208"}],"wp:term":[{"taxonomy":"category","embeddable":true,"href":"http:\/\/argentinamunicipal.com.ar\/argentina\/wp-json\/wp\/v2\/categories?post=12208"},{"taxonomy":"post_tag","embeddable":true,"href":"http:\/\/argentinamunicipal.com.ar\/argentina\/wp-json\/wp\/v2\/tags?post=12208"}],"curies":[{"name":"wp","href":"https:\/\/api.w.org\/{rel}","templated":true}]}}