{"id":122081,"date":"2022-01-12T06:04:35","date_gmt":"2022-01-12T09:04:35","guid":{"rendered":"http:\/\/argentinamunicipal.com.ar\/argentina\/?p=122081"},"modified":"2022-01-12T06:04:35","modified_gmt":"2022-01-12T09:04:35","slug":"el-soyem-pide-7000-pesos-de-aumento-para-cerrar-la-paritaria-2021-en-bariloche","status":"publish","type":"post","link":"http:\/\/argentinamunicipal.com.ar\/argentina\/el-soyem-pide-7000-pesos-de-aumento-para-cerrar-la-paritaria-2021-en-bariloche\/","title":{"rendered":"El Soyem pide 7000 pesos de aumento para cerrar la paritaria 2021 en Bariloche"},"content":{"rendered":"<p>En una asamblea que se llev\u00f3 a cabo en el Centro C\u00edvico, los trabajadores municipales rechazaron la propuesta del Ejecutivo para terminar de pasar esa suma al b\u00e1sico reci\u00e9n en mayo.<\/p>\n<p>Los empleados municipales rechazaron la propuesta de recomposici\u00f3n salarial del Ejecutivo Municipal para cerrar la paritaria correspondiente al 2021. En una asamblea que se extendi\u00f3 casi una hora en la plaza del Centro C\u00edvico, decidieron aceptar los 7.000 pesos de aumento, pero pedir\u00e1n que se incluyan al b\u00e1sico en los pr\u00f3ximos dos meses.<\/p>\n<p>Brenda Morales, secretaria general del Soyem, record\u00f3 que a fines del a\u00f1o se otorgaron 7.000 pesos con el sueldo de diciembre a \u00abcuenta paritaria\u00bb. En una reuni\u00f3n en la Delegaci\u00f3n de Trabajo la semana pasada, el Ejecutivo hizo una propuesta para cerrar la paritaria 2021 y avanzar en la de este a\u00f1o.<\/p>\n<p>\u00abNos propusieron una suma de 7.000 pesos que pasar\u00edan al b\u00e1sico en tres cuotas.\u00a0A este monto, hay que recordar que se agregan los 10 mil pesos que ya recibimos el a\u00f1o pasado\u00bb, indic\u00f3 la dirigente gremial. Y agreg\u00f3: \u00abNo quer\u00edan una asamblea en el Centro C\u00edvico pero lo vamos a hacer porque fue un compromiso de esta conducci\u00f3n\u00bb.<\/p>\n<p>Durante la asamblea, uno de los integrantes del Soyem fue el responsable de detallar la propuesta del ejecutivo. Con el sueldo de enero, se agregar\u00eda una suma no remunerativa de 7.000 pesos.\u00a0En febrero y marzo, 2.000 pesos de ese monto pasan al salario b\u00e1sico y los 3.000 restantes, en abril.<\/p>\n<p>\u00abEsta \u00faltima recomposici\u00f3n salaria implica un aumento del 24,1% que se suma al 33,1%, por los 10.000 pesos. Lo que da un total de 57,2%\u00ab, plantearon ante los trabajadores distribuidos en diversos sectores de la plaza. Recordaron tambi\u00e9n que este incremento del b\u00e1sico formar\u00e1 parte del pr\u00f3ximo aguinaldo y en marzo, arrancar\u00eda la discusi\u00f3n paritaria correspondiente a 2022.<\/p>\n<p>Desde el Soyem, pusieron como ejemplo la mejora de los sueldos b\u00e1sicos en tres categor\u00edas. \u00abUna categor\u00eda baja, 10, arranc\u00f3 con un salario b\u00e1sico de 29 mil pesos que ser\u00e1 de 46 mil cuando termine esta recomposici\u00f3n; mientras que\u00a0una categor\u00eda intermedia, 16, empez\u00f3 con un b\u00e1sico de 30 mil pesos y terminar\u00e1 con 47 mil pesos y una categor\u00eda alta, 21, ten\u00eda b\u00e1sico de 32 mil pesos y cierra con 49 mil\u00ab, dijeron.<\/p>\n<p>Al consultar si se aceptaba la propuesta, la mayor\u00eda de los trabajadores vot\u00f3 en contra. \u00abEn alg\u00fan momento, hay que decir basta a las sumas fijas y que ofrezcan porcentajes\u00bb, objetaron quienes tomaron el micr\u00f3fono. Desde el Soyem, recordaron que \u00e9ste era un acuerdo que \u00abya estaba abierto de esta manera\u00bb.<\/p>\n<p>Finalmente, se vot\u00f3 a favor de la propuesta de uno de los trabajadores para que esos 7.000 pesos pasen al b\u00e1sico con los sueldos de enero y febrero.<\/p>\n<p>Morales recalc\u00f3 que a partir de la asunci\u00f3n de la nueva conducci\u00f3n del gremio, solo se han reunido en la Delegaci\u00f3n de Trabajo: \u00abEl tema es que el Ejecutivo es bastante cerrado; por eso, insistimos en las mesas formales\u00ab.<\/p>\n<p>Tambi\u00e9n cuestion\u00f3 los contagios de Covid-19 en diversas \u00e1reas municipales y anunci\u00f3 que ya solicitaron una reuni\u00f3n con el Departamento de Seguridad e Higiene para pedir el control de las burbujas de trabajo y la desinfecci\u00f3n de las oficinas.<\/p>\n<h6>Fuente: R\u00edo Negro<\/h6>\n","protected":false},"excerpt":{"rendered":"<p>En una asamblea que se llev\u00f3 a cabo en el Centro C\u00edvico, los trabajadores municipales rechazaron la propuesta del Ejecutivo para terminar de pasar esa suma al b\u00e1sico reci\u00e9n en mayo.<\/p>\n","protected":false},"author":2,"featured_media":122082,"comment_status":"closed","ping_status":"closed","sticky":false,"template":"","format":"standard","meta":{"footnotes":""},"categories":[7],"tags":[11],"class_list":["post-122081","post","type-post","status-publish","format-standard","has-post-thumbnail","hentry","category-informe-sindical","tag-rio-negro"],"_links":{"self":[{"href":"http:\/\/argentinamunicipal.com.ar\/argentina\/wp-json\/wp\/v2\/posts\/122081","targetHints":{"allow":["GET"]}}],"collection":[{"href":"http:\/\/argentinamunicipal.com.ar\/argentina\/wp-json\/wp\/v2\/posts"}],"about":[{"href":"http:\/\/argentinamunicipal.com.ar\/argentina\/wp-json\/wp\/v2\/types\/post"}],"author":[{"embeddable":true,"href":"http:\/\/argentinamunicipal.com.ar\/argentina\/wp-json\/wp\/v2\/users\/2"}],"replies":[{"embeddable":true,"href":"http:\/\/argentinamunicipal.com.ar\/argentina\/wp-json\/wp\/v2\/comments?post=122081"}],"version-history":[{"count":0,"href":"http:\/\/argentinamunicipal.com.ar\/argentina\/wp-json\/wp\/v2\/posts\/122081\/revisions"}],"wp:featuredmedia":[{"embeddable":true,"href":"http:\/\/argentinamunicipal.com.ar\/argentina\/wp-json\/wp\/v2\/media\/122082"}],"wp:attachment":[{"href":"http:\/\/argentinamunicipal.com.ar\/argentina\/wp-json\/wp\/v2\/media?parent=122081"}],"wp:term":[{"taxonomy":"category","embeddable":true,"href":"http:\/\/argentinamunicipal.com.ar\/argentina\/wp-json\/wp\/v2\/categories?post=122081"},{"taxonomy":"post_tag","embeddable":true,"href":"http:\/\/argentinamunicipal.com.ar\/argentina\/wp-json\/wp\/v2\/tags?post=122081"}],"curies":[{"name":"wp","href":"https:\/\/api.w.org\/{rel}","templated":true}]}}