{"id":122118,"date":"2022-01-13T05:50:06","date_gmt":"2022-01-13T08:50:06","guid":{"rendered":"http:\/\/argentinamunicipal.com.ar\/argentina\/?p=122118"},"modified":"2022-01-12T19:54:40","modified_gmt":"2022-01-12T22:54:40","slug":"el-rio-parana-sigue-en-bajante-con-niveles-que-no-se-registraban-desde-1944","status":"publish","type":"post","link":"http:\/\/argentinamunicipal.com.ar\/argentina\/el-rio-parana-sigue-en-bajante-con-niveles-que-no-se-registraban-desde-1944\/","title":{"rendered":"El r\u00edo Paran\u00e1 sigue en bajante, con niveles que no se registraban desde 1944"},"content":{"rendered":"<p>Desde el Instituto Nacional del Agua Indicaron que el r\u00edo registr\u00f3 este mi\u00e9rcoles -44 cent\u00edmetros sobre el nivel del mar y pronostican que estos mediciones tan bajas \u00abse mantendr\u00e1n hasta marzo inclusive, prevaleciendo una tendencia desfavorable\u00bb.<\/p>\n<p>El r\u00edo Paran\u00e1 contin\u00faa descendiendo en varios puertos de Entre R\u00edos, donde la bajante hist\u00f3rica que comenz\u00f3 en marzo del 2021 provoc\u00f3 cambios en la vida ambiental, econ\u00f3mica, productiva y social de ciudades que est\u00e1n a la vera del agua, y presenta niveles que no se registraban desde 1944.<\/p>\n<p>En Paran\u00e1, la capital provincial,\u00a0el r\u00edo descendi\u00f3 este mi\u00e9rcoles a -44 cent\u00edmetros\u00a0(por debajo del nivel del mar), superando las marcas de 1971 (0,50 metros), de 2020 y 1970 (0 metros).<\/p>\n<p>Por eso, hay que remontarse a 1944 para registrar una situaci\u00f3n peor que la actual, cuando el r\u00edo marc\u00f3 -1,40 metros frente a Paran\u00e1, al igual que en Diamante (-1,38), Victoria (-41) y en La Paz (-1,11).<\/p>\n<p>De esa manera contin\u00faa muy por debajo de su nivel de aguas bajas (2,30 metros) y de su altura promedio para enero (3,23 metros) en la capital entrerriana.<\/p>\n<p>Adem\u00e1s, el Instituto Nacional del Agua (INA) indic\u00f3 que estos niveles tan bajos se mantendr\u00e1n hasta marzo inclusive, prevaleciendo una \u00abtendencia desfavorable\u00bb.<\/p>\n<p>La situaci\u00f3n\u00a0\u00abno permite esperar un r\u00e1pido retorno a la normalidad, con probabilidad de extenderse durante el pr\u00f3ximo oto\u00f1o\u00bb, dijo el organismo.<\/p>\n<p>En el noroeste entrerriano, en La Paz, el r\u00edo Paran\u00e1 baj\u00f3 a s\u00f3lo 26 cent\u00edmetros, lejos de los 3,20 metros de l\u00edmite de aguas bajas y de los 4,27 que la Prefectura Naval Argentina (PNA) registr\u00f3 como promedio entre 1996 y 2020 para este mes.<\/p>\n<p>En el puerto de Diamante, m\u00e1s al sur de la costa entrerriana, el r\u00edo mantiene un descenso desde mediados de noviembre y hoy permanece con -26 cent\u00edmetros, por debajo de los 2,40 metros del l\u00edmite de aguas bajas.<\/p>\n<p>Tambi\u00e9n en Victoria\u00a0baja desde noviembre y se mantiene con 86 cent\u00edmetros, por debajo de aguas bajas (2,60), de sus 3,71 registrados como promedio este mes en los \u00faltimos 25 a\u00f1os.<\/p>\n<p><strong>Consecuencias de la gran bajante<\/strong><\/p>\n<p>La bajante afect\u00f3 la fauna \u00edctica al\u00a0dejar seco el valle de inundaci\u00f3n\u00a0(donde los peces se refugian, alimentan, reproducen y crecen); produjo inconvenientes en el riego de cultivos y complic\u00f3 las producciones industriales que necesitan captar agua.<\/p>\n<p>Tambi\u00e9n acrecent\u00f3 los problemas de\u00a0incendios en las islas y los de contaminaci\u00f3n del agua, ya que se redujo la capacidad del r\u00edo de diluci\u00f3n de los afluentes crudos o industriales.<\/p>\n<p>El secretario de Agricultura y Ganader\u00eda de Entre R\u00edos, Lucio Amavet, afirm\u00f3 a T\u00e9lam que la bajante \u00abimpact\u00f3 fuertemente en acopiadores, fileteadores, transportistas y m\u00e1s de 3.000 familias de pescadores\u00bb.<\/p>\n<p>\u00abEs una situaci\u00f3n hist\u00f3rica particular que nos enfrent\u00f3 a una situaci\u00f3n compleja desde lo ambiental que seguir\u00e1 hasta 2025, se puso en crisis la producci\u00f3n, tuvimos serios problemas con incendios y destruyendo el h\u00e1bitat de la fauna\u00bbDaniela Garc\u00eda<\/p>\n<p>Por eso, el Gobierno provincial decidi\u00f3 extender por al menos tres meses m\u00e1s las restricciones -que rigen hace 18 meses- en los cupos de extracci\u00f3n y acopio comercial, y de exportaci\u00f3n del pescado de r\u00edo.<\/p>\n<p>Las barcazas comerciales \u00abtuvieron que adecuarse a transportar mucha menor cantidad\u00bb, lo que ralentiz\u00f3 la navegaci\u00f3n y \u00abha encarecido enormemente el transporte fluvial\u00bb, agreg\u00f3 Amavet.<\/p>\n<p>\u00abEs una situaci\u00f3n hist\u00f3rica particular que nos enfrent\u00f3 a una situaci\u00f3n compleja desde lo ambiental que seguir\u00e1 hasta 2025, se puso en crisis la producci\u00f3n, tuvimos serios problemas con incendios y destruyendo el h\u00e1bitat de la fauna\u00bb, dijo a T\u00e9lam la secretaria de Ambiente de Entre R\u00edos, Daniela Garc\u00eda.<\/p>\n<h6>Fuente: Telam<\/h6>\n","protected":false},"excerpt":{"rendered":"<p>Desde el Instituto Nacional del Agua Indicaron que el r\u00edo registr\u00f3 este mi\u00e9rcoles -44 cent\u00edmetros sobre el nivel del mar y pronostican que estos mediciones tan bajas \u00abse mantendr\u00e1n hasta marzo inclusive, prevaleciendo una tendencia desfavorable\u00bb.<\/p>\n","protected":false},"author":2,"featured_media":122119,"comment_status":"closed","ping_status":"closed","sticky":false,"template":"","format":"standard","meta":{"footnotes":""},"categories":[2],"tags":[21],"class_list":["post-122118","post","type-post","status-publish","format-standard","has-post-thumbnail","hentry","category-informe-municipal","tag-argentina"],"_links":{"self":[{"href":"http:\/\/argentinamunicipal.com.ar\/argentina\/wp-json\/wp\/v2\/posts\/122118","targetHints":{"allow":["GET"]}}],"collection":[{"href":"http:\/\/argentinamunicipal.com.ar\/argentina\/wp-json\/wp\/v2\/posts"}],"about":[{"href":"http:\/\/argentinamunicipal.com.ar\/argentina\/wp-json\/wp\/v2\/types\/post"}],"author":[{"embeddable":true,"href":"http:\/\/argentinamunicipal.com.ar\/argentina\/wp-json\/wp\/v2\/users\/2"}],"replies":[{"embeddable":true,"href":"http:\/\/argentinamunicipal.com.ar\/argentina\/wp-json\/wp\/v2\/comments?post=122118"}],"version-history":[{"count":0,"href":"http:\/\/argentinamunicipal.com.ar\/argentina\/wp-json\/wp\/v2\/posts\/122118\/revisions"}],"wp:featuredmedia":[{"embeddable":true,"href":"http:\/\/argentinamunicipal.com.ar\/argentina\/wp-json\/wp\/v2\/media\/122119"}],"wp:attachment":[{"href":"http:\/\/argentinamunicipal.com.ar\/argentina\/wp-json\/wp\/v2\/media?parent=122118"}],"wp:term":[{"taxonomy":"category","embeddable":true,"href":"http:\/\/argentinamunicipal.com.ar\/argentina\/wp-json\/wp\/v2\/categories?post=122118"},{"taxonomy":"post_tag","embeddable":true,"href":"http:\/\/argentinamunicipal.com.ar\/argentina\/wp-json\/wp\/v2\/tags?post=122118"}],"curies":[{"name":"wp","href":"https:\/\/api.w.org\/{rel}","templated":true}]}}