{"id":122145,"date":"2022-01-12T20:27:50","date_gmt":"2022-01-12T23:27:50","guid":{"rendered":"http:\/\/argentinamunicipal.com.ar\/argentina\/?p=122145"},"modified":"2022-01-12T20:27:50","modified_gmt":"2022-01-12T23:27:50","slug":"ocho-empleados-del-mercado-comunitario-fueron-designados-en-otras-areas-del-municipio","status":"publish","type":"post","link":"http:\/\/argentinamunicipal.com.ar\/argentina\/ocho-empleados-del-mercado-comunitario-fueron-designados-en-otras-areas-del-municipio\/","title":{"rendered":"Ocho empleados del Mercado Comunitario fueron designados en otras \u00e1reas del municipio"},"content":{"rendered":"<p>Fueron puestos a disposici\u00f3n de la Direcci\u00f3n de Recursos Humanos de la Municipalidad e incorporados como agentes municipales, \u201ca los efectos de garantizar continuidad laboral ante las dificultades econ\u00f3micas que se encuentra atravesando el Mercado Comunitario Municipal\u201d. Aseguran que los trabajadores est\u00e1n de acuerdo con el traspaso.<\/p>\n<p>Tras el intenso cambio de opiniones y la pol\u00e9mica que gener\u00f3 el cierre del Mercado Comunitario Municipal de Bariloche la semana pasada, se conoci\u00f3 este martes, mediante una resoluci\u00f3n, que ocho de los trabajadores fueron incorporados como agentes del municipio.<\/p>\n<p>En este sentido el dictamen explica que la Direcci\u00f3n de Recursos Humanos dispuso los puestos de trabajo a cubrir por parte de los empleados, conforme con las necesidades del municipio, \u201cindependientemente de la labor que hasta la fecha desempe\u00f1aban los ingresantes\u201d.<\/p>\n<p>Asimismo destaca que \u201cse respetar\u00e1n los salarios y la antig\u00fcedad que detentaban los trabajadores desde la fecha de su alta como tales en el Ente del Mercado Comunitario Municipal, esto es marzo del a\u00f1o 2017\u201d.<\/p>\n<p>\u201cLos trabajadores se ponen a disposici\u00f3n de la Direcci\u00f3n de Recursos Humanos de la Municipalidad, a efectos que \u00e9sta disponga los puestos de trabajo a cubrir de conformidad con las necesidades del municipio, independientemente de la labor que hasta la fecha desempe\u00f1aban los ingresantes, sin perjuicio de lo cual se respetar\u00e1n los salarios y la antig\u00fcedad que detentaban los trabajadores desde la fecha de su alta como tales en el Ente del Mercado Comunitario Municipal (EMCO), esto es marzo de 2017.<\/p>\n<p>\u201cEn caso de producirse diferencias entre la remuneraci\u00f3n actual y la que corresponda al nuevo puesto y funci\u00f3n, esa suma quedar\u00e1 a cuenta de futuros aumentos\u201d, resalta otro de los \u00edtems del arreglo.<\/p>\n<p>En este contexto el escrito hace hincapi\u00e9 en que la Secretaria de Producci\u00f3n, Innovaci\u00f3n y Empleo, \u00e1rea que gestiona el Mercado Comunitario, defini\u00f3 que seis de esos trabajadores ocupar\u00e1n puestos dentro de la propia Secretar\u00eda.<\/p>\n<p>Sobre esos seis puestos la resoluci\u00f3n explica que habr\u00e1 una asistente de proyectos productivos, dos auxiliares de proyectos productivos del CAT 12, dos trabajadores administrativos y un chofer de veh\u00edculo liviano.<\/p>\n<p>En tanto que los otros dos empleados realizar\u00e1n tareas de maestranza en el CDI Pichi Che Ruca y en Ema\u00fas, dependiendo de la Subsecretar\u00eda de Pol\u00edticas Sociales, Secretar\u00eda de Desarrollo Humano Integral.<\/p>\n<h6>Fuente: El Cordillerano<\/h6>\n","protected":false},"excerpt":{"rendered":"<p>Fueron puestos a disposici\u00f3n de la Direcci\u00f3n de Recursos Humanos de la Municipalidad e incorporados como agentes municipales, \u201ca los efectos de garantizar continuidad laboral ante las dificultades econ\u00f3micas que se encuentra atravesando el Mercado Comunitario Municipal\u201d<\/p>\n","protected":false},"author":2,"featured_media":122146,"comment_status":"closed","ping_status":"closed","sticky":false,"template":"","format":"standard","meta":{"footnotes":""},"categories":[7],"tags":[11],"class_list":["post-122145","post","type-post","status-publish","format-standard","has-post-thumbnail","hentry","category-informe-sindical","tag-rio-negro"],"_links":{"self":[{"href":"http:\/\/argentinamunicipal.com.ar\/argentina\/wp-json\/wp\/v2\/posts\/122145","targetHints":{"allow":["GET"]}}],"collection":[{"href":"http:\/\/argentinamunicipal.com.ar\/argentina\/wp-json\/wp\/v2\/posts"}],"about":[{"href":"http:\/\/argentinamunicipal.com.ar\/argentina\/wp-json\/wp\/v2\/types\/post"}],"author":[{"embeddable":true,"href":"http:\/\/argentinamunicipal.com.ar\/argentina\/wp-json\/wp\/v2\/users\/2"}],"replies":[{"embeddable":true,"href":"http:\/\/argentinamunicipal.com.ar\/argentina\/wp-json\/wp\/v2\/comments?post=122145"}],"version-history":[{"count":0,"href":"http:\/\/argentinamunicipal.com.ar\/argentina\/wp-json\/wp\/v2\/posts\/122145\/revisions"}],"wp:featuredmedia":[{"embeddable":true,"href":"http:\/\/argentinamunicipal.com.ar\/argentina\/wp-json\/wp\/v2\/media\/122146"}],"wp:attachment":[{"href":"http:\/\/argentinamunicipal.com.ar\/argentina\/wp-json\/wp\/v2\/media?parent=122145"}],"wp:term":[{"taxonomy":"category","embeddable":true,"href":"http:\/\/argentinamunicipal.com.ar\/argentina\/wp-json\/wp\/v2\/categories?post=122145"},{"taxonomy":"post_tag","embeddable":true,"href":"http:\/\/argentinamunicipal.com.ar\/argentina\/wp-json\/wp\/v2\/tags?post=122145"}],"curies":[{"name":"wp","href":"https:\/\/api.w.org\/{rel}","templated":true}]}}