{"id":12219,"date":"2014-07-25T09:04:32","date_gmt":"2014-07-25T12:04:32","guid":{"rendered":"http:\/\/argentinamunicipal.com.ar\/argentina\/?p=12219"},"modified":"2014-07-25T09:04:32","modified_gmt":"2014-07-25T12:04:32","slug":"cartoneros-de-bahia-blanca-piden-mas-tiempo-al-municipio-y-denuncian-persecucion","status":"publish","type":"post","link":"http:\/\/argentinamunicipal.com.ar\/argentina\/cartoneros-de-bahia-blanca-piden-mas-tiempo-al-municipio-y-denuncian-persecucion\/","title":{"rendered":"Cartoneros de Bah\u00eda Blanca piden m\u00e1s tiempo al municipio y denuncian persecuci\u00f3n"},"content":{"rendered":"<div id=\"attachment_12220\" style=\"width: 630px\" class=\"wp-caption aligncenter\"><a href=\"http:\/\/argentinamunicipal.com.ar\/argentina\/wp-content\/uploads\/2014\/07\/04-CARTONEROSMARCHA2C.jpg\"><img loading=\"lazy\" decoding=\"async\" aria-describedby=\"caption-attachment-12220\" class=\"size-full wp-image-12220\" src=\"http:\/\/argentinamunicipal.com.ar\/argentina\/wp-content\/uploads\/2014\/07\/04-CARTONEROSMARCHA2C.jpg\" alt=\"Protesta frente al municipio. Cartoneros y miembros de organizaciones sociales, que los apoyan, se hicieron o\u00edr en las escalinatas de Alsina 65. Esta vez no hubo caballos.\" width=\"620\" height=\"410\" srcset=\"http:\/\/argentinamunicipal.com.ar\/argentina\/wp-content\/uploads\/2014\/07\/04-CARTONEROSMARCHA2C.jpg 620w, http:\/\/argentinamunicipal.com.ar\/argentina\/wp-content\/uploads\/2014\/07\/04-CARTONEROSMARCHA2C-300x198.jpg 300w\" sizes=\"auto, (max-width: 620px) 100vw, 620px\" \/><\/a><p id=\"caption-attachment-12220\" class=\"wp-caption-text\">Protesta frente al municipio. Cartoneros y miembros de organizaciones sociales, que los apoyan, se hicieron o\u00edr en las escalinatas de Alsina 65. Esta vez no hubo caballos.<\/p><\/div>\n<p>Hubo una movilizaci\u00f3n en el centro. \u201cSe\u00f1or intendente, le solicitamos que nos deje trabajar\u201d, reclam\u00f3 uno de los dirigentes.<\/p>\n<p>En una semana empezar\u00e1 a regir la prohibici\u00f3n de la tracci\u00f3n a sangre, seg\u00fan el anuncio inicial del municipio, y muchos cartoneros a\u00fan no ven propuestas viables para seguir trabajando, por lo cual hicieron ayer una nueva manifestaci\u00f3n en el centro de la ciudad y presentaron un petitorio.<\/p>\n<p>El primer punto del pedido es que se suspenda el plazo a vencerse el 1 de agosto, para dar tiempo a conformar una comisi\u00f3n que dise\u00f1e un plan integral de tratamiento de los residuos urbanos, contemplando un reemplazo de los carros y caballos a largo plazo.<\/p>\n<p>A las puertas de la comuna lleg\u00f3 esta vez una caravana de personas a pie: un poco menos de cien entre recolectores informales, militantes y j\u00f3venes que trabajan en organizaciones sociales.<\/p>\n<p>Como los manifestantes no fueron recibidos por ninguna autoridad municipal, un representante dej\u00f3 el documento en Mesa de Entradas, dirigido al intendente Gustavo Bevilacqua.<\/p>\n<p>\u201cLos funcionarios son mafiosos, se quieren quedar con el negocio de la basura\u201d, grit\u00f3 envuelto en enojo Julio Monsalve, cartonero con varios carros propios en Villa Caracol.<\/p>\n<p>En este sentido, la principal propuesta oficial, una cooperativa para 80 recicladores que separar\u00e1n lo que recolecte Bah\u00eda Ambiental SAPEM, fue rechazada por muchos porque ganan m\u00e1s de lo que se les ofrece y son independientes.<\/p>\n<p>\u201cCuando el papel estaba a 20 centavos el kilo a nadie le importaba los cartoneros, ahora que est\u00e1 a 1,40 se fijan en nosotros\u201d, apunt\u00f3 Alejandro Toledo, otro de los representantes.<\/p>\n<p>Los recolectores se\u00f1alaron adem\u00e1s que no quieren subsidios ni regalos, en referencia a algunos acuerdos particulares promovidos por la comuna. \u201cSe\u00f1or intendente, le solicitamos que nos deje trabajar\u201d, resumi\u00f3 Toledo.<\/p>\n<p>La marcha se traslad\u00f3 despu\u00e9s hasta el recinto donde unos cinco cartoneros fueron recibidos por el presidente de cada bloque. Como la prohibici\u00f3n es una medida del municipio, los ediles propusieron gestionar una reuni\u00f3n con funcionarios la semana pr\u00f3xima.<\/p>\n<p>Denuncias<\/p>\n<p>El accionar de la Guardia Urbana en las \u00faltimas semanas \u2013no permiten a los carreros circular por el centro durante el d\u00eda- tambi\u00e9n gener\u00f3 malestar en los cartoneros, que denunciaron persecuci\u00f3n.<\/p>\n<p>Por ese motivo, aseguraron, no fueron con los carros y caballos a las puertas del municipio.<\/p>\n<p>Adem\u00e1s, algunos se\u00f1alaron que recibieron intimidaciones por tel\u00e9fono.<\/p>\n<p>El temor de algunas familias y la desconfianza hacia la comuna tambi\u00e9n habr\u00edan generado que muchos no participaran de la movilizaci\u00f3n de ayer y ni se presentaran al censo realizado en las \u00faltimas semanas.<\/p>\n<h6>Fuente: La Nueva<\/h6>\n","protected":false},"excerpt":{"rendered":"<p>Hubo una movilizaci\u00f3n en el centro. \u201cSe\u00f1or intendente, le solicitamos que nos deje trabajar\u201d, reclam\u00f3 uno de los dirigentes. En una semana empezar\u00e1 a regir la prohibici\u00f3n de la tracci\u00f3n a sangre, seg\u00fan el anuncio inicial del municipio, y muchos cartoneros a\u00fan no ven propuestas viables para seguir trabajando, por lo cual hicieron ayer una<\/p>\n","protected":false},"author":2,"featured_media":12220,"comment_status":"closed","ping_status":"closed","sticky":false,"template":"","format":"standard","meta":{"footnotes":""},"categories":[2],"tags":[12],"class_list":["post-12219","post","type-post","status-publish","format-standard","has-post-thumbnail","hentry","category-informe-municipal","tag-buenos-aires"],"_links":{"self":[{"href":"http:\/\/argentinamunicipal.com.ar\/argentina\/wp-json\/wp\/v2\/posts\/12219","targetHints":{"allow":["GET"]}}],"collection":[{"href":"http:\/\/argentinamunicipal.com.ar\/argentina\/wp-json\/wp\/v2\/posts"}],"about":[{"href":"http:\/\/argentinamunicipal.com.ar\/argentina\/wp-json\/wp\/v2\/types\/post"}],"author":[{"embeddable":true,"href":"http:\/\/argentinamunicipal.com.ar\/argentina\/wp-json\/wp\/v2\/users\/2"}],"replies":[{"embeddable":true,"href":"http:\/\/argentinamunicipal.com.ar\/argentina\/wp-json\/wp\/v2\/comments?post=12219"}],"version-history":[{"count":0,"href":"http:\/\/argentinamunicipal.com.ar\/argentina\/wp-json\/wp\/v2\/posts\/12219\/revisions"}],"wp:featuredmedia":[{"embeddable":true,"href":"http:\/\/argentinamunicipal.com.ar\/argentina\/wp-json\/wp\/v2\/media\/12220"}],"wp:attachment":[{"href":"http:\/\/argentinamunicipal.com.ar\/argentina\/wp-json\/wp\/v2\/media?parent=12219"}],"wp:term":[{"taxonomy":"category","embeddable":true,"href":"http:\/\/argentinamunicipal.com.ar\/argentina\/wp-json\/wp\/v2\/categories?post=12219"},{"taxonomy":"post_tag","embeddable":true,"href":"http:\/\/argentinamunicipal.com.ar\/argentina\/wp-json\/wp\/v2\/tags?post=12219"}],"curies":[{"name":"wp","href":"https:\/\/api.w.org\/{rel}","templated":true}]}}