{"id":122262,"date":"2022-01-17T05:22:42","date_gmt":"2022-01-17T08:22:42","guid":{"rendered":"http:\/\/argentinamunicipal.com.ar\/argentina\/?p=122262"},"modified":"2022-01-17T06:26:24","modified_gmt":"2022-01-17T09:26:24","slug":"entre-rios-enfrenta-la-peor-sequia-de-los-ultimos-60-anos","status":"publish","type":"post","link":"http:\/\/argentinamunicipal.com.ar\/argentina\/entre-rios-enfrenta-la-peor-sequia-de-los-ultimos-60-anos\/","title":{"rendered":"Entre R\u00edos enfrenta la peor sequ\u00eda de los \u00faltimos 60 a\u00f1os"},"content":{"rendered":"<p>Los registros de lluvias son seis veces menores que los habituales en un mes, por lo que el 85% del suelo provincial se encuentra bajo los efectos de la falta de agua.<\/p>\n<p>Cerca de un 85% del suelo de la provincia de Entre R\u00edos se encuentra sumergido en una sequ\u00eda r\u00e9cord, la peor de los \u00faltimos 60 a\u00f1os seg\u00fan los registros provinciales, y provoc\u00f3 efectos ecol\u00f3gicos y econ\u00f3micos \u00abdevastadores\u00bb, asegur\u00f3 este viernes la Bolsa de Cereales entrerriana.<\/p>\n<p>Las escasas precipitaciones y las elevadas temperaturas generaron un fuerte retroceso de la humedad del perfil ed\u00e1fico.<\/p>\n<p>Los registros pluviales de diciembre pasado en Entre R\u00edos se posicionaron entre los diez m\u00e1s bajos de los \u00faltimos 60 a\u00f1os en gran parte del territorio provincial.<\/p>\n<p>En la mayor parte de Entre R\u00edos las lluvias ca\u00eddas acumularon menos de 20 mil\u00edmetros, seis veces menos de lo que normalmente debe llover durante un mes.<\/p>\n<p>El promedio de lluvias en diciembre de los \u00faltimos 17 a\u00f1os es de 130 mil\u00edmetros en Entre R\u00edos, pero en este diciembre \u00faltimo solo se recibieron 16 mil\u00edmetros, el 12% de lo esperado.<\/p>\n<p>Tambi\u00e9n el \u00faltimo mes de 2021 tuvo elevadas temperaturas y baja humedad relativa, con una temperatura m\u00e1xima que super\u00f3 los 35 grados desde el 19 de diciembre en adelante, provocando una estr\u00e9s t\u00e9rmico para los cultivos y animales.<\/p>\n<p>Los productores agr\u00edcolas debieron implantar el ma\u00edz de forma tard\u00eda y correr la floraci\u00f3n de la soja hacia la segunda parte de enero y febrero; y se vieron afectados fuertemente los rendimientos y las condiciones fenol\u00f3gicas de los granos en general.<\/p>\n<p>Si bien los pr\u00f3ximos d\u00edas se esperan precipitaciones, hasta que acontezcan contin\u00faan las \u00abjornadas muy hostiles\u00bb para la agricultura y ganader\u00eda de Entre R\u00edos, advirti\u00f3 la Bolsa de Cereales provincial.<\/p>\n<p>Por otro lado, los lotes pastoreados no logran recuperarse para ingresar nuevamente los animales, lo que impacta de manera incisiva en la ganader\u00eda entrerrriana.<\/p>\n<p>En tanto, la primavera pasada no tuvo tasas de crecimiento normal o adecuada del forraje debido a la escasa humedad en el suelo, con campos arrasados sin oferta forrajera y muy escasas reservas.<\/p>\n<p>Tambi\u00e9n los lotes implantados con alfalfas presentan baja tasa de crecimiento, y el campo natural est\u00e1 con nulas o muy bajas tasas de crecimiento.<\/p>\n<p>Por eso, hay empresas ganaderas que agotaron sus reservas de alfalfas y forrajer\u00eda y visualizan una gradual ca\u00edda de la condici\u00f3n corporal de los animales.<\/p>\n<h6>Fuente: Telam<\/h6>\n","protected":false},"excerpt":{"rendered":"<p>Los registros de lluvias son seis veces menores que los habituales en un mes, por lo que el 85% del suelo provincial se encuentra bajo los efectos de la falta de agua.<\/p>\n","protected":false},"author":2,"featured_media":122263,"comment_status":"closed","ping_status":"closed","sticky":false,"template":"","format":"standard","meta":{"footnotes":""},"categories":[65],"tags":[17],"class_list":["post-122262","post","type-post","status-publish","format-standard","has-post-thumbnail","hentry","category-provincias","tag-entre-rios"],"_links":{"self":[{"href":"http:\/\/argentinamunicipal.com.ar\/argentina\/wp-json\/wp\/v2\/posts\/122262","targetHints":{"allow":["GET"]}}],"collection":[{"href":"http:\/\/argentinamunicipal.com.ar\/argentina\/wp-json\/wp\/v2\/posts"}],"about":[{"href":"http:\/\/argentinamunicipal.com.ar\/argentina\/wp-json\/wp\/v2\/types\/post"}],"author":[{"embeddable":true,"href":"http:\/\/argentinamunicipal.com.ar\/argentina\/wp-json\/wp\/v2\/users\/2"}],"replies":[{"embeddable":true,"href":"http:\/\/argentinamunicipal.com.ar\/argentina\/wp-json\/wp\/v2\/comments?post=122262"}],"version-history":[{"count":0,"href":"http:\/\/argentinamunicipal.com.ar\/argentina\/wp-json\/wp\/v2\/posts\/122262\/revisions"}],"wp:featuredmedia":[{"embeddable":true,"href":"http:\/\/argentinamunicipal.com.ar\/argentina\/wp-json\/wp\/v2\/media\/122263"}],"wp:attachment":[{"href":"http:\/\/argentinamunicipal.com.ar\/argentina\/wp-json\/wp\/v2\/media?parent=122262"}],"wp:term":[{"taxonomy":"category","embeddable":true,"href":"http:\/\/argentinamunicipal.com.ar\/argentina\/wp-json\/wp\/v2\/categories?post=122262"},{"taxonomy":"post_tag","embeddable":true,"href":"http:\/\/argentinamunicipal.com.ar\/argentina\/wp-json\/wp\/v2\/tags?post=122262"}],"curies":[{"name":"wp","href":"https:\/\/api.w.org\/{rel}","templated":true}]}}