{"id":122391,"date":"2022-01-19T05:36:53","date_gmt":"2022-01-19T08:36:53","guid":{"rendered":"http:\/\/argentinamunicipal.com.ar\/argentina\/?p=122391"},"modified":"2022-01-18T20:45:13","modified_gmt":"2022-01-18T23:45:13","slug":"tensa-negociacion-por-el-aumento-del-boleto-en-la-ciudad-de-santa-fe","status":"publish","type":"post","link":"http:\/\/argentinamunicipal.com.ar\/argentina\/tensa-negociacion-por-el-aumento-del-boleto-en-la-ciudad-de-santa-fe\/","title":{"rendered":"Tensa negociaci\u00f3n por el aumento del boleto en la ciudad de Santa Fe"},"content":{"rendered":"<p>El Municipio exige m\u00e1s colectivos en la calle para mejorar la frecuencia y quiere otorgar un incremento menor al solicitado. Los empresarios piden saber c\u00f3mo piensan cubrir el desfasaje que eso genera. No se ponen de acuerdo.<\/p>\n<p>A principios de diciembre, las empresas que operan las l\u00edneas de colectivos en la ciudad de Santa Fe solicitaron un aumento de la tarifa del 85 %: de $ 42.35 a $ 78,36. Pero las negociaciones est\u00e1n estancadas.<\/p>\n<p>Con el visto bueno del \u00d3rgano de Control, la Municipalidad analiza el pedido, pero ya adelant\u00f3 a los empresarios que est\u00e1 dispuesto a autorizar un incremento menor al solicitado. Adem\u00e1s, les exige que pongan m\u00e1s unidades en la calle para achicar la espera de los pasajeros en las paradas. Los empresarios, con las cuentas en rojo, dicen que esto no es posible: \u201cNo prev\u00e9 los fondos que necesita el sistema, aparentemente la tarifa es menor a la solicitada y no nos dicen c\u00f3mo van a cubrir el desfasaje que genera otorgar un incremento menor\u201d, explic\u00f3 un empresario a El Litoral.<\/p>\n<p>Ante este escenario, preparaban una nueva nota para entregar al Municipio explicando, una vez m\u00e1s, la cr\u00edtica realidad que atraviesa el sector. \u201cVamos a seguir trabajando en un escenario de quiebre, con pocas posibilidades de una sustancial mejora\u201d, agreg\u00f3. Esto quiere decir, ni m\u00e1s ni menos, que seguir\u00e1n funcionando con \u201cun esquema de servicio precario, sin posibilidad de plantear una renovaci\u00f3n de flota, con m\u00e1s endeudamiento y rentabilidad nula\u201d.<\/p>\n<p>El viernes el gobierno local desliz\u00f3 que estaba a punto de cerrar la nueva tarifa, pero pasan los d\u00edas y no logran un acuerdo.<\/p>\n<h6>Fuente: El Litoral<\/h6>\n","protected":false},"excerpt":{"rendered":"<p>El Municipio exige m\u00e1s colectivos en la calle para mejorar la frecuencia y quiere otorgar un incremento menor al solicitado. Los empresarios piden saber c\u00f3mo piensan cubrir el desfasaje que eso genera. No se ponen de acuerdo.<\/p>\n","protected":false},"author":2,"featured_media":122392,"comment_status":"closed","ping_status":"closed","sticky":false,"template":"","format":"standard","meta":{"footnotes":""},"categories":[4],"tags":[10],"class_list":["post-122391","post","type-post","status-publish","format-standard","has-post-thumbnail","hentry","category-informe-politico","tag-santa-fe"],"_links":{"self":[{"href":"http:\/\/argentinamunicipal.com.ar\/argentina\/wp-json\/wp\/v2\/posts\/122391","targetHints":{"allow":["GET"]}}],"collection":[{"href":"http:\/\/argentinamunicipal.com.ar\/argentina\/wp-json\/wp\/v2\/posts"}],"about":[{"href":"http:\/\/argentinamunicipal.com.ar\/argentina\/wp-json\/wp\/v2\/types\/post"}],"author":[{"embeddable":true,"href":"http:\/\/argentinamunicipal.com.ar\/argentina\/wp-json\/wp\/v2\/users\/2"}],"replies":[{"embeddable":true,"href":"http:\/\/argentinamunicipal.com.ar\/argentina\/wp-json\/wp\/v2\/comments?post=122391"}],"version-history":[{"count":0,"href":"http:\/\/argentinamunicipal.com.ar\/argentina\/wp-json\/wp\/v2\/posts\/122391\/revisions"}],"wp:featuredmedia":[{"embeddable":true,"href":"http:\/\/argentinamunicipal.com.ar\/argentina\/wp-json\/wp\/v2\/media\/122392"}],"wp:attachment":[{"href":"http:\/\/argentinamunicipal.com.ar\/argentina\/wp-json\/wp\/v2\/media?parent=122391"}],"wp:term":[{"taxonomy":"category","embeddable":true,"href":"http:\/\/argentinamunicipal.com.ar\/argentina\/wp-json\/wp\/v2\/categories?post=122391"},{"taxonomy":"post_tag","embeddable":true,"href":"http:\/\/argentinamunicipal.com.ar\/argentina\/wp-json\/wp\/v2\/tags?post=122391"}],"curies":[{"name":"wp","href":"https:\/\/api.w.org\/{rel}","templated":true}]}}