{"id":122472,"date":"2022-01-21T05:07:30","date_gmt":"2022-01-21T08:07:30","guid":{"rendered":"http:\/\/argentinamunicipal.com.ar\/argentina\/?p=122472"},"modified":"2022-01-20T06:12:27","modified_gmt":"2022-01-20T09:12:27","slug":"el-gobierno-de-salta-debera-mejorar-el-acceso-a-la-salud-de-ninos-indigenas","status":"publish","type":"post","link":"http:\/\/argentinamunicipal.com.ar\/argentina\/el-gobierno-de-salta-debera-mejorar-el-acceso-a-la-salud-de-ninos-indigenas\/","title":{"rendered":"El Gobierno de Salta deber\u00e1 mejorar el acceso a la salud de ni\u00f1os ind\u00edgenas"},"content":{"rendered":"<p>As\u00ed lo orden\u00f3 la Justicia de la provincia norte\u00f1a. Las poblaciones \u00abson discriminadas sistem\u00e1ticamente y por ello enfrentan graves obst\u00e1culos en el acceso al derecho a la salud\u201d.<\/p>\n<p>La Justicia salte\u00f1a le orden\u00f3 al Gobierno provincial mejorar las condiciones de acceso a la salud para ni\u00f1os y ni\u00f1as ind\u00edgenas y sus familias, en los departamentos donde se declar\u00f3 la emergencia socio-sanitaria y en Salta capital.<\/p>\n<p>La sentencia conocida este mi\u00e9rcoles, ordena al Poder Ejecutivo salte\u00f1o designar facilitadores y facilitadoras interculturales de las comunidades ind\u00edgenas en los hospitales de los departamentos en emergencia socio-sanitaria y tambi\u00e9n en la capital, y a garantizar albergues de tr\u00e1nsito para las y los pacientes y las familias ind\u00edgenas que deban ser trasladadas por motivos de salud.<\/p>\n<p>El Juez del Tribunal de Impugnaci\u00f3n,\u00a0Eduardo Barrionuevo, concedi\u00f3 \u00abla medida cautelar solicitada por la Asociaci\u00f3n Civil por la Igualdad y la Justicia (ACIJ) -integrante del colectivo &#8216;Infancia en Deuda&#8217;- y la comunidad ind\u00edgena Comisi\u00f3n Directiva Wichi Misi\u00f3n La Loma, en el amparo presentado por la falta de aplicaci\u00f3n y reglamentaci\u00f3n de la ley provincial N\u00b0 7856 de salud intercultural\u00bb, inform\u00f3 ACIJ.<\/p>\n<p>El fallo judicial dispuso que, hasta tanto se resuelva el fondo de la demanda,\u00a0el Poder Ejecutivo provincial designe facilitadores y facilitadoras interculturales en los hospitales de los departamentos donde se declar\u00f3 la emergencia socio-sanitaria (Or\u00e1n, Rivadavia, San Mart\u00edn)\u00a0y tambi\u00e9n en Salta capital, y que se disponga el establecimiento de albergues de tr\u00e1nsito para las y los pacientes y las familias ind\u00edgenas.<\/p>\n<p>Estas poblaciones \u00abson discriminadas sistem\u00e1ticamente, y por ello enfrentan graves obst\u00e1culos en el acceso al derecho a la salud. Por ello, este fallo es fundamental para mejorar las condiciones de acceso a la salud por parte de ni\u00f1os y ni\u00f1as ind\u00edgenas en estos territorios\u00bb, sostuvieron desde las organizaciones que participaron de la presentaci\u00f3n la cautelar.<\/p>\n<p>En Salta residen aproximadamente\u00a0500 comunidades ind\u00edgenas que pertenecen a m\u00e1s de 14 pueblos originarios y viven en condiciones de pobreza estructural y discriminaci\u00f3n, con fuertes restricciones en el acceso al sistema de salud y a servicios b\u00e1sicos como el agua potable, rese\u00f1a ACIJ. Seg\u00fan informaci\u00f3n oficial, al menos 7.543 ni\u00f1as y ni\u00f1os hasta 5 a\u00f1os que residen all\u00ed se encuentran en estado de riesgo nutricional.<\/p>\n<p>La situaci\u00f3n es\u00a0\u00abespecialmente preocupante para las ni\u00f1as y ni\u00f1os que residen en Rivadavia, Or\u00e1n y San Mart\u00edn, ubicados en el norte de la provincia. Estos departamentos, desde enero de 2020, y a partir del fallecimiento de al menos nueve ni\u00f1as y ni\u00f1os ind\u00edgenas, se encuentran en situaci\u00f3n de emergencia socio-sanitaria.\u00a0Pese a que el Poder Ejecutivo Salte\u00f1o deb\u00eda tomar todas las medidas necesarias para modificar esta situaci\u00f3n, todav\u00eda persisten las vulneraciones graves a los derechos de ni\u00f1as, ni\u00f1os y adolescentes\u00bb, precis\u00f3 la instituci\u00f3n.<\/p>\n<h6>Fuente: La Nueva Ma\u00f1ana<\/h6>\n","protected":false},"excerpt":{"rendered":"<p>As\u00ed lo orden\u00f3 la Justicia de la provincia norte\u00f1a. Las poblaciones \u00abson discriminadas sistem\u00e1ticamente y por ello enfrentan graves obst\u00e1culos en el acceso al derecho a la salud\u201d.<\/p>\n","protected":false},"author":2,"featured_media":122473,"comment_status":"closed","ping_status":"closed","sticky":false,"template":"","format":"standard","meta":{"footnotes":""},"categories":[65],"tags":[9],"class_list":["post-122472","post","type-post","status-publish","format-standard","has-post-thumbnail","hentry","category-provincias","tag-salta"],"_links":{"self":[{"href":"http:\/\/argentinamunicipal.com.ar\/argentina\/wp-json\/wp\/v2\/posts\/122472","targetHints":{"allow":["GET"]}}],"collection":[{"href":"http:\/\/argentinamunicipal.com.ar\/argentina\/wp-json\/wp\/v2\/posts"}],"about":[{"href":"http:\/\/argentinamunicipal.com.ar\/argentina\/wp-json\/wp\/v2\/types\/post"}],"author":[{"embeddable":true,"href":"http:\/\/argentinamunicipal.com.ar\/argentina\/wp-json\/wp\/v2\/users\/2"}],"replies":[{"embeddable":true,"href":"http:\/\/argentinamunicipal.com.ar\/argentina\/wp-json\/wp\/v2\/comments?post=122472"}],"version-history":[{"count":0,"href":"http:\/\/argentinamunicipal.com.ar\/argentina\/wp-json\/wp\/v2\/posts\/122472\/revisions"}],"wp:featuredmedia":[{"embeddable":true,"href":"http:\/\/argentinamunicipal.com.ar\/argentina\/wp-json\/wp\/v2\/media\/122473"}],"wp:attachment":[{"href":"http:\/\/argentinamunicipal.com.ar\/argentina\/wp-json\/wp\/v2\/media?parent=122472"}],"wp:term":[{"taxonomy":"category","embeddable":true,"href":"http:\/\/argentinamunicipal.com.ar\/argentina\/wp-json\/wp\/v2\/categories?post=122472"},{"taxonomy":"post_tag","embeddable":true,"href":"http:\/\/argentinamunicipal.com.ar\/argentina\/wp-json\/wp\/v2\/tags?post=122472"}],"curies":[{"name":"wp","href":"https:\/\/api.w.org\/{rel}","templated":true}]}}