{"id":122503,"date":"2022-01-21T05:36:18","date_gmt":"2022-01-21T08:36:18","guid":{"rendered":"http:\/\/argentinamunicipal.com.ar\/argentina\/?p=122503"},"modified":"2022-01-20T20:40:46","modified_gmt":"2022-01-20T23:40:46","slug":"el-gobierno-afirmo-que-estados-unidos-no-le-exigio-ningun-plan-economico-a-la-argentina","status":"publish","type":"post","link":"http:\/\/argentinamunicipal.com.ar\/argentina\/el-gobierno-afirmo-que-estados-unidos-no-le-exigio-ningun-plan-economico-a-la-argentina\/","title":{"rendered":"El Gobierno afirm\u00f3 que Estados Unidos no le exigi\u00f3 ning\u00fan plan econ\u00f3mico a la Argentina"},"content":{"rendered":"<p>La portavoz de la Presidencia, Gabriela Cerruti, asegur\u00f3 que si se le pagara al Fondo Monetario Internacional en funci\u00f3n del acuerdo que dej\u00f3 el Gobierno de Mauricio Macri, \u201cno podr\u00eda haber pol\u00edticas sociales\u201d.<\/p>\n<p>El Gobierno argentino, a trav\u00e9s de la portavoz de la Presidencia, Gabriela Cerruti, afirm\u00f3 que \u00abEstados Unidos no le exigi\u00f3 un plan econ\u00f3mico a la Argentina\u00bb .<\/p>\n<p>\u00abEstados Unidos no pidi\u00f3 ajuste ni un plan econ\u00f3mico, fueron conversaciones pol\u00edticas donde se habl\u00f3 que hab\u00eda\u00a0un crecimiento vigoroso de la econom\u00eda y que tenemos que seguir en esa senda\u00bb, dijo Cerruti esta ma\u00f1ana en el marco de la habitual conferencia de prensa que brinda los jueves en Casa Rosada, al ser consultada sobre el reciente viaje del canciller Santiago Cafiero al pa\u00eds del Norte.<\/p>\n<p>La funcionaria recalc\u00f3 que se trat\u00f3 de \u00abun viaje para dialogar, donde se acordaron una cantidad de posturas con Estados Unidos, que reconoce el crecimiento interanual de Argentina, que no se registraba desde hace tiempo\u00bb en el pa\u00eds.<\/p>\n<p>\u00abLa conversaciones siempre avanzan y entendemos que el viaje del canciller Cafiero fue en el sentido de profundizar las relaciones\u00bb, subray\u00f3.<\/p>\n<p>Cerruti reforz\u00f3 la afirmaci\u00f3n de la situaci\u00f3n de las relaciones con EEUU con \u00ablas declaraciones del presidente (Joe) Biden con respecto a la autocr\u00edtica sobre la pol\u00edtica exterior de Estados Unidos hacia Latinoam\u00e9rica en los \u00faltimos cuatro a\u00f1os, cuando gobern\u00f3 Donald Trump\u00bb, remat\u00f3 Cerruti.<\/p>\n<p>Este jueves el presidente estadounidense critic\u00f3 a la forma en que la administraci\u00f3n de Donald Trump se relacion\u00f3 con Am\u00e9rica latina.<\/p>\n<p>\u00abEl problema es que hemos tenido grandes dificultades por los errores cometidos en los \u00faltimos cuatro a\u00f1os y eso llevar\u00e1 un tiempo\u00bb de restaurar, manifest\u00f3 el presidente estadounidense en una conferencia de prensa que realiz\u00f3 con motivo de su primer a\u00f1o al frente de la administraci\u00f3n.<\/p>\n<p>\u00abEstados Unidos no pidi\u00f3 ajuste ni un plan econ\u00f3mico, fueron conversaciones pol\u00edticas donde se habl\u00f3 que hab\u00eda un crecimiento vigoroso de la econom\u00eda y que tenemos que seguir en esa senda\u00bbGabriela Cerritu<\/p>\n<p>\u00abCuando yo era un chico, en la universidad sol\u00edamos hablar sobre &#8216;\u00bfel patio trasero de Am\u00e9rica (por Estados Unidos)?&#8217; No es el patio trasero de Am\u00e9rica. Todo lo que est\u00e1 al sur de las fronteras de M\u00e9xico es la parte delantera de Am\u00e9rica. Somos personas iguales, nosotros no dictamos lo que pasa en estos pa\u00edses\u00bb, dijo Biden.<\/p>\n<p>Las palabras de Biden cobraron fuerza porque se producen apenas dos d\u00edas\u00a0despu\u00e9s del encuentro que mantuvieron en Washington Cafiero y Blinken.<\/p>\n<p>Tras esa reuni\u00f3n, el funcionario norteamericano afirm\u00f3 que EEUU \u00abapoya firmemente las negociaciones con el FMI y aspira a una pronta resoluci\u00f3n positiva\u00bb.<\/p>\n<p>\u00abApoyamos muy firmemente una econom\u00eda argentina vibrante\u00bb, dijo Antony Blinken a Cafiero, en lo que podr\u00eda leerse como una se\u00f1al positiva en medio de las discusiones por el nuevo programa de financiamiento.<\/p>\n<p>En esa l\u00ednea, el funcionario de Biden tambi\u00e9n sostuvo que \u00abArgentina es un amigo y un socio en el hemisferio y m\u00e1s all\u00e1\u00bb.<\/p>\n<p>Por otro lado, Cerruti, al ser consultada en particular sobre si se abonar\u00e1 el vencimiento de 731 millones de d\u00f3lares con el FMI el 28 de enero pr\u00f3ximo, la portavoz dijo que \u00abeso lo va a definir el Ministerio de Econom\u00eda\u00bb.<\/p>\n<p>\u00abArgentina decidi\u00f3 pagar hasta que se llegue a un acuerdo\u00bb, sostuvo la funcionaria, para luego enfatizar la situaci\u00f3n \u00abse mide d\u00eda a d\u00eda\u00bb.<\/p>\n<p>En ese marco subray\u00f3 que si Argentina abonara al FMI en funci\u00f3n del acuerdo stanb by que firm\u00f3 Mauricio Macri, \u00abno podr\u00eda haber pol\u00edticas sociales\u00bb.<\/p>\n<p>Al ser consultada sobre las declaraciones de la oposici\u00f3n, Cerruti consider\u00f3 que \u00abno es f\u00e1cil llegar a un di\u00e1logo en funci\u00f3n de las variantes internas que tienen\u00bb, al tiempo que ratific\u00f3 que \u00abel acuerdo con el FMI se discutir\u00e1 en el Congreso\u00bb.<\/p>\n<p>La Argentina pag\u00f3 ya alrededor de 7.800 millones de d\u00f3lares, en concepto de deuda de capital, del mega pr\u00e9stamo por 45.000 millones de d\u00f3lares que tom\u00f3 el expresidente Mauricio Macri, y que fue cuestionado duramente por el propio FMI en una autocr\u00edtica realizada en diciembre \u00faltimo.<\/p>\n<p>El Fondo acus\u00f3 a la anterior administraci\u00f3n de haber descartado la propuesta del organismo de realizar de manera previa una reestructuraci\u00f3n de deuda con privados en 2018, y de haber desechado medidas de control de capitales, entre otras cuestiones.<\/p>\n<h6>Fuente: Telam<\/h6>\n","protected":false},"excerpt":{"rendered":"<p>La portavoz de la Presidencia, Gabriela Cerruti, asegur\u00f3 que si se le pagara al Fondo Monetario Internacional en funci\u00f3n del acuerdo que dej\u00f3 el Gobierno de Mauricio Macri, \u201cno podr\u00eda haber pol\u00edticas sociales\u201d.<\/p>\n","protected":false},"author":2,"featured_media":122504,"comment_status":"closed","ping_status":"closed","sticky":false,"template":"","format":"standard","meta":{"footnotes":""},"categories":[8],"tags":[21],"class_list":["post-122503","post","type-post","status-publish","format-standard","has-post-thumbnail","hentry","category-informe-nacional","tag-argentina"],"_links":{"self":[{"href":"http:\/\/argentinamunicipal.com.ar\/argentina\/wp-json\/wp\/v2\/posts\/122503","targetHints":{"allow":["GET"]}}],"collection":[{"href":"http:\/\/argentinamunicipal.com.ar\/argentina\/wp-json\/wp\/v2\/posts"}],"about":[{"href":"http:\/\/argentinamunicipal.com.ar\/argentina\/wp-json\/wp\/v2\/types\/post"}],"author":[{"embeddable":true,"href":"http:\/\/argentinamunicipal.com.ar\/argentina\/wp-json\/wp\/v2\/users\/2"}],"replies":[{"embeddable":true,"href":"http:\/\/argentinamunicipal.com.ar\/argentina\/wp-json\/wp\/v2\/comments?post=122503"}],"version-history":[{"count":0,"href":"http:\/\/argentinamunicipal.com.ar\/argentina\/wp-json\/wp\/v2\/posts\/122503\/revisions"}],"wp:featuredmedia":[{"embeddable":true,"href":"http:\/\/argentinamunicipal.com.ar\/argentina\/wp-json\/wp\/v2\/media\/122504"}],"wp:attachment":[{"href":"http:\/\/argentinamunicipal.com.ar\/argentina\/wp-json\/wp\/v2\/media?parent=122503"}],"wp:term":[{"taxonomy":"category","embeddable":true,"href":"http:\/\/argentinamunicipal.com.ar\/argentina\/wp-json\/wp\/v2\/categories?post=122503"},{"taxonomy":"post_tag","embeddable":true,"href":"http:\/\/argentinamunicipal.com.ar\/argentina\/wp-json\/wp\/v2\/tags?post=122503"}],"curies":[{"name":"wp","href":"https:\/\/api.w.org\/{rel}","templated":true}]}}