{"id":122513,"date":"2022-01-21T05:05:52","date_gmt":"2022-01-21T08:05:52","guid":{"rendered":"http:\/\/argentinamunicipal.com.ar\/argentina\/?p=122513"},"modified":"2022-01-21T06:09:50","modified_gmt":"2022-01-21T09:09:50","slug":"jujuy-alentadores-datos-del-plan-piloto-de-eficiencia-energetica-en-viviendas-sociales","status":"publish","type":"post","link":"http:\/\/argentinamunicipal.com.ar\/argentina\/jujuy-alentadores-datos-del-plan-piloto-de-eficiencia-energetica-en-viviendas-sociales\/","title":{"rendered":"Jujuy: Alentadores datos del plan piloto de eficiencia energ\u00e9tica en viviendas sociales"},"content":{"rendered":"<p>Los modelos de las viviendas, que integran medidas activas y pasivas hacia el ahorro energ\u00e9tico, se ajustan a las caracter\u00edsticas bien diferenciadas de los bioclimas de las regiones de Valles, Puna y Yungas en la provincia.<\/p>\n<p>El Gobierno de Jujuy ejecuta la segunda etapa de un plan piloto para eficientizar energ\u00e9ticamente viviendas sociales, vinculado a tres prototipos de unidades habitacionales sustentables construidas y ya adjudicadas a nivel local, en las cuales se empez\u00f3 con resultados \u201calentadores\u201d las mediciones del ahorro proyectado, seg\u00fan se inform\u00f3 oficialmente.<\/p>\n<p>Los modelos de las viviendas, que integran medidas activas y pasivas hacia el ahorro energ\u00e9tico, se ajustan a las caracter\u00edsticas bien diferenciadas de los bioclimas de las regiones de Valles, Puna y Yungas en la provincia.<\/p>\n<p>\u201cAhorros en el consumo de luz, gas y una menor necesidad de climatizar los ambientes\u201d, forman parte de las primeras y \u201calentadores\u201d mediciones, seg\u00fan refiri\u00f3 a T\u00e9lam Irma Padilla, coordinadora local de Gesti\u00f3n Territorial, parte del equipo de la secretar\u00eda de Ordenamiento Territorial y Vivienda de Jujuy, que impulsa el plan piloto.<\/p>\n<p>\u201cDesde que se termin\u00f3 de entregar las viviendas empezamos con positivas mediciones respecto a la facturaci\u00f3n de los servicios de luz y agua\u201d, explic\u00f3 la funcionaria, al recordar que en julio del a\u00f1o pasado concluyeron la adjudicaci\u00f3n de las tres viviendas, situadas en San Salvador, La Quiaca y San Pedro, ello luego de un trabajo iniciado en 2019.<\/p>\n<p>Entre los ahorros, ponder\u00f3 que las familias vieron reducida la necesidad de usar equipos de climatizaci\u00f3n para alcanzar un confort t\u00e9rmico dentro de las viviendas, ello dado por dise\u00f1os de ventilaci\u00f3n cruzada que se suma en las edificaciones, y que resulta beneficioso en particular para la c\u00e1lida y h\u00fameda regi\u00f3n de las Yungas.<\/p>\n<p>Tambi\u00e9n aporta la inclusi\u00f3n de un sistema de pozo canadiense, que aprovecha la temperatura del subsuelo de las viviendas para mantenerlas m\u00e1s frescas en verano y m\u00e1s c\u00e1lida en invierno.<\/p>\n<p>En torno a estudios m\u00e1s precisos, agreg\u00f3 que en diciembre, a trav\u00e9s de un convenio de cooperaci\u00f3n firmado con el departamento de Yvelines, de Francia, se pudo avanzar en realizar mediciones de la temperatura superficial en las paredes.<\/p>\n<p>\u201cPor ejemplo, en La Quiaca, que tenemos adobe y una buena aislaci\u00f3n con distintos materiales t\u00e9rmicos, pudimos medir en pleno d\u00eda 22\u00ba en la pared, es decir cerca del confort que hace que no necesiten ninguna medida extra para estar bien. Medimos la vivienda vecina por fuera, que tiene ladrillos huecos, y ah\u00ed nos daba una temperatura de 39\u00ba\u201d, explic\u00f3 Padilla.<\/p>\n<p>El aislamiento en las paredes se logra a trav\u00e9s de lana de vidrio, placas de yeso, entre otros. En San Salvador y San Pedro las edificaciones incluyen el uso de bloques de pl\u00e1stico triturado, lo que tiene tambi\u00e9n una caracter\u00edstica t\u00e9rmica, pero adem\u00e1s aporta a la econom\u00eda circular.<\/p>\n<h6>Fuente: telam<\/h6>\n","protected":false},"excerpt":{"rendered":"<p>Los modelos de las viviendas, que integran medidas activas y pasivas hacia el ahorro energ\u00e9tico, se ajustan a las caracter\u00edsticas bien diferenciadas de los bioclimas de las regiones de Valles, Puna y Yungas en la provincia.<\/p>\n","protected":false},"author":2,"featured_media":122514,"comment_status":"closed","ping_status":"closed","sticky":false,"template":"","format":"standard","meta":{"footnotes":""},"categories":[2],"tags":[25],"class_list":["post-122513","post","type-post","status-publish","format-standard","has-post-thumbnail","hentry","category-informe-municipal","tag-jujuy"],"_links":{"self":[{"href":"http:\/\/argentinamunicipal.com.ar\/argentina\/wp-json\/wp\/v2\/posts\/122513","targetHints":{"allow":["GET"]}}],"collection":[{"href":"http:\/\/argentinamunicipal.com.ar\/argentina\/wp-json\/wp\/v2\/posts"}],"about":[{"href":"http:\/\/argentinamunicipal.com.ar\/argentina\/wp-json\/wp\/v2\/types\/post"}],"author":[{"embeddable":true,"href":"http:\/\/argentinamunicipal.com.ar\/argentina\/wp-json\/wp\/v2\/users\/2"}],"replies":[{"embeddable":true,"href":"http:\/\/argentinamunicipal.com.ar\/argentina\/wp-json\/wp\/v2\/comments?post=122513"}],"version-history":[{"count":0,"href":"http:\/\/argentinamunicipal.com.ar\/argentina\/wp-json\/wp\/v2\/posts\/122513\/revisions"}],"wp:featuredmedia":[{"embeddable":true,"href":"http:\/\/argentinamunicipal.com.ar\/argentina\/wp-json\/wp\/v2\/media\/122514"}],"wp:attachment":[{"href":"http:\/\/argentinamunicipal.com.ar\/argentina\/wp-json\/wp\/v2\/media?parent=122513"}],"wp:term":[{"taxonomy":"category","embeddable":true,"href":"http:\/\/argentinamunicipal.com.ar\/argentina\/wp-json\/wp\/v2\/categories?post=122513"},{"taxonomy":"post_tag","embeddable":true,"href":"http:\/\/argentinamunicipal.com.ar\/argentina\/wp-json\/wp\/v2\/tags?post=122513"}],"curies":[{"name":"wp","href":"https:\/\/api.w.org\/{rel}","templated":true}]}}