{"id":122525,"date":"2022-01-24T05:00:08","date_gmt":"2022-01-24T08:00:08","guid":{"rendered":"http:\/\/argentinamunicipal.com.ar\/argentina\/?p=122525"},"modified":"2022-01-21T06:34:00","modified_gmt":"2022-01-21T09:34:00","slug":"el-plan-municipal-de-cordoba-forestando-futuro-ya-planto-30-000-arboles","status":"publish","type":"post","link":"http:\/\/argentinamunicipal.com.ar\/argentina\/el-plan-municipal-de-cordoba-forestando-futuro-ya-planto-30-000-arboles\/","title":{"rendered":"El plan municipal de C\u00f3rdoba Forestando Futuro ya plant\u00f3 30.000 \u00e1rboles"},"content":{"rendered":"<p>Llaryora plant\u00f3 el \u00e1rbol n\u00famero 30.000 en el barrio Nueva C\u00f3rdoba<\/p>\n<p>En el marco del Plan Forestando Futuro, la Municipalidad plant\u00f3 el \u00e1rbol n\u00famero 30.000 de la gesti\u00f3n del intendente Mart\u00edn Llaryora, fruto de diversos programas de forestaci\u00f3n que se ejecutan desde el a\u00f1o 2020.<\/p>\n<p>Esta iniciativa, a cargo de la Secretar\u00eda de Gesti\u00f3n Ambiental y Sostenibilidad, tiene como objetivo recuperar la calidad ambiental en la v\u00eda p\u00fablica, promoviendo y garantizando un desarrollo arm\u00f3nico en la conservaci\u00f3n y gesti\u00f3n sustentable del arbolado p\u00fablico urbano de la Ciudad de C\u00f3rdoba.<\/p>\n<p>El \u00e1rbol 30.000 de la actual gesti\u00f3n es una acacia blanca que se ubica en el cantero existente entre la Plaza Espa\u00f1a y el Palacio Ferreyra. La plantaci\u00f3n de cada \u00e1rbol se realiza luego de un relevamiento llevado a cabo por alumnos becarios de la Facultad de Agronom\u00eda, acompa\u00f1ados por inspectores de arbolado de la direcci\u00f3n de Espacios Verdes, para determinar qu\u00e9 especie arb\u00f3rea corresponde a cada barrio, acorde al tipo de cazuela y vereda.<\/p>\n<p>Actualmente, adem\u00e1s de reforestar, se est\u00e1 midiendo y evaluando la tasa de \u00e9xito y mortalidad de las plantaciones, el comportamiento y adaptaci\u00f3n de las diferentes especies, las necesidades de riego o errores en la plantaci\u00f3n. El objetivo del plan de Arbolado Urbano es regular los factores ambientales, ayudar a la descontaminaci\u00f3n, oxigenar, moderar las condiciones de temperatura y radiaci\u00f3n solar y configurar un paisaje urbano cercano a la naturaleza.<\/p>\n<h6>Fuente: Hoy D\u00eda C\u00f3rdoba<\/h6>\n","protected":false},"excerpt":{"rendered":"<p>Esta iniciativa, a cargo de la Secretar\u00eda de Gesti\u00f3n Ambiental y Sostenibilidad, tiene como objetivo recuperar la calidad ambiental en la v\u00eda p\u00fablica<\/p>\n","protected":false},"author":2,"featured_media":122526,"comment_status":"closed","ping_status":"closed","sticky":false,"template":"","format":"standard","meta":{"footnotes":""},"categories":[2],"tags":[3],"class_list":["post-122525","post","type-post","status-publish","format-standard","has-post-thumbnail","hentry","category-informe-municipal","tag-cordoba"],"_links":{"self":[{"href":"http:\/\/argentinamunicipal.com.ar\/argentina\/wp-json\/wp\/v2\/posts\/122525","targetHints":{"allow":["GET"]}}],"collection":[{"href":"http:\/\/argentinamunicipal.com.ar\/argentina\/wp-json\/wp\/v2\/posts"}],"about":[{"href":"http:\/\/argentinamunicipal.com.ar\/argentina\/wp-json\/wp\/v2\/types\/post"}],"author":[{"embeddable":true,"href":"http:\/\/argentinamunicipal.com.ar\/argentina\/wp-json\/wp\/v2\/users\/2"}],"replies":[{"embeddable":true,"href":"http:\/\/argentinamunicipal.com.ar\/argentina\/wp-json\/wp\/v2\/comments?post=122525"}],"version-history":[{"count":0,"href":"http:\/\/argentinamunicipal.com.ar\/argentina\/wp-json\/wp\/v2\/posts\/122525\/revisions"}],"wp:featuredmedia":[{"embeddable":true,"href":"http:\/\/argentinamunicipal.com.ar\/argentina\/wp-json\/wp\/v2\/media\/122526"}],"wp:attachment":[{"href":"http:\/\/argentinamunicipal.com.ar\/argentina\/wp-json\/wp\/v2\/media?parent=122525"}],"wp:term":[{"taxonomy":"category","embeddable":true,"href":"http:\/\/argentinamunicipal.com.ar\/argentina\/wp-json\/wp\/v2\/categories?post=122525"},{"taxonomy":"post_tag","embeddable":true,"href":"http:\/\/argentinamunicipal.com.ar\/argentina\/wp-json\/wp\/v2\/tags?post=122525"}],"curies":[{"name":"wp","href":"https:\/\/api.w.org\/{rel}","templated":true}]}}