{"id":122539,"date":"2022-01-31T06:07:08","date_gmt":"2022-01-31T09:07:08","guid":{"rendered":"http:\/\/argentinamunicipal.com.ar\/argentina\/?p=122539"},"modified":"2022-01-31T06:07:08","modified_gmt":"2022-01-31T09:07:08","slug":"en-santa-fe-1300-jovenes-tienen-trabajo-por-el-programa-primer-empleo","status":"publish","type":"post","link":"http:\/\/argentinamunicipal.com.ar\/argentina\/en-santa-fe-1300-jovenes-tienen-trabajo-por-el-programa-primer-empleo\/","title":{"rendered":"En Santa Fe, 1300 j\u00f3venes tienen trabajo por el programa Primer Empleo"},"content":{"rendered":"<p>Comenz\u00f3 a instrumentarse en octubre del a\u00f1o pasado. Desde entonces, se inscribieron casi cuatro mil hombres y mujeres de entre 18 y 30 a\u00f1os. De ellos, un tercio logr\u00f3 insertarse laboralmente. Esperan potenciarlo, y duplicar los n\u00fameros en 2022.<\/p>\n<p>A cuatro meses de su instrumentaci\u00f3n, unos 1300 j\u00f3venes de la provincia lograron inserci\u00f3n en el mercado laboral a trav\u00e9s del programa Primer Empleo. La iniciativa, que se completa con el programa nacional Te Sumo, est\u00e1 orientado a hombres y mujeres de entre 18 y 30 a\u00f1os. Durante seis meses, el estado financia m\u00e1s del 80% del salario del trabajador ingresante, como incentivo para la generaci\u00f3n de nuevos puestos de trabajo. En di\u00e1logo con El Litoral, el subsecretario del \u00e1rea, Eduardo Massot, valor\u00f3 los resultados, pero dijo que apuestan a que en 2022, la demanda pueda incrementarse considerablemente. \u00abPrimer Empleo \u2013 resumi\u00f3- es una gran ayuda econ\u00f3mica para empresarios y comerciantes, y una gran oportunidad de conseguir trabajo para la juventud\u00bb.<\/p>\n<p>&#8211; \u00bfQu\u00e9 demanda han tenido hasta aqu\u00ed a trav\u00e9s de este programa?<\/p>\n<p>&#8211; La iniciativa surgi\u00f3 del gobierno provincial porque a partir de la pandemia, fue necesario repensar las pol\u00edticas p\u00fablicas en este sentido, tratando de dar respuesta a los sectores que m\u00e1s hab\u00edan sido afectados econ\u00f3mica y laboralmente. A partir de all\u00ed se piensa en un programa para alentar y sostener el empleo apuntando a un sector de desocupados de 18 a 30 a\u00f1os mediante un aporte dinerario para el empleador que los contrate, equivalente al 85% del salario m\u00ednimo vital y m\u00f3vil; ello hoy representa 28.050 pesos. El programa comenz\u00f3 en octubre del a\u00f1o pasado y trabajamos conjuntamente con el Ministerio de Trabajo de la Naci\u00f3n porque Primer Empleo es un programa complementario y similar al programa nacional Te Sumo. En conjunto, desde que se comenzaron a instrumentar, hemos logrado 1300 inserciones laborales a lo largo de 2021 en toda la provincia. Creemos que es un n\u00famero importante teniendo en cuenta que ambos arrancaron hace cuatro meses. Estamos casi en una etapa de difusi\u00f3n o promoci\u00f3n del programa y hemos logrado este resultado, que nos permite augurar un 2022 con una mayor demanda de parte de las c\u00e1maras empresariales.<\/p>\n<p>&#8211; \u00bfEn funci\u00f3n de los \u00edndices de desempleo, esperaban una mayor demanda? \u00bfConsideran que se puede potenciar mucho m\u00e1s el programa?<\/p>\n<p>&#8211; S\u00ed, de todas maneras en Santa Fe venimos teniendo una recuperaci\u00f3n muy importante del empleo. Desde hace varios meses y si tenemos en cuenta el peor momento de la pandemia, logramos una recuperaci\u00f3n constante que nos permiti\u00f3 llegar a octubre de 2021 con un \u00edndice positivo de empleabilidad del 1.7 en relaci\u00f3n a febrero de 2020. Es decir que Santa Fe est\u00e1 con un \u00edndice de ocupaci\u00f3n de empleo superior al per\u00edodo de pre pandemia. Si proyectamos esto a diciembre 2021 porque esos datos todav\u00eda no est\u00e1n, los indicadores van a ser m\u00e1s positivos todav\u00eda. Ha sido un a\u00f1o muy bueno para la empleabilidad en la provincia. Se han recuperado unos 25 mil puestos de trabajo durante estos \u00faltimos meses, con lo que llegar\u00edamos a 500 mil puestos de trabajo nuevamente en la provincia, que es el piso que hemos tenido en los \u00faltimos a\u00f1os.<\/p>\n<p>&#8211; \u00bfPara hablar de que el programa Primer Empleo es exitoso, aspiran a duplicar el n\u00famero de inserciones laborales este a\u00f1o? \u00bfO triplicar?<\/p>\n<p>&#8211; S\u00ed, totalmente. Nuestro objetivo es mucho m\u00e1s. Creemos que desde la provincia podemos ayudar al sector empresario y tambi\u00e9n a la juventud porque la promoci\u00f3n del empleo en este segmento es un incentivo para que los empresarios contraten trabajadores j\u00f3venes. Esperamos a que las contrataciones sean muchas m\u00e1s.<\/p>\n<p>&#8211; \u00bfEl Estado capacita a los j\u00f3venes a trav\u00e9s de este programa?<\/p>\n<p>&#8211; En el caso de Primer Empleo, no hay una capacitaci\u00f3n previa. Es para j\u00f3venes desocupados que sean contratados por el programa. Se ingresa a trav\u00e9s de la p\u00e1gina web del gobierno (www.santafe.gov.ar) desde el link Ministerio de Trabajo, y all\u00ed debe inscribirse tanto la empresa como el trabajador que quiere participar. El Ministerio no elige a la persona; la persona es elegida por el empleador. Y muchas veces cuando el empleador tiene pre seleccionado a su futuro empleado, puede hacerlo inscribir en esa plataforma si es que todav\u00eda no lo ha hecho, y luego se unen en la plataforma. El Ministerio act\u00faa como nexo.<\/p>\n<p>&#8211; \u00bfCu\u00e1ntas empresas se han inscripto hasta ahora?<\/p>\n<p>&#8211; En estos cuatro meses se anotaron m\u00e1s de 200 empresas y terminamos el a\u00f1o con entre 3500 y 4000 j\u00f3venes interesados en conseguir su primer empleo. Es decir que casi un tercio de los anotados han conseguido trabajo. Hemos instrumentado, por otra parte, programas de capacitaci\u00f3n (Santa Fe Capacita); el a\u00f1o pasado, llegamos a m\u00e1s de once mil santafesinas y santafesinos con esa formaci\u00f3n. De ellos, el 40% logr\u00f3 a partir de esas capacitaciones, una inserci\u00f3n sociolaboral ya sea en un empleo aut\u00f3nomo o en relaci\u00f3n de dependencia. Para nosotros eso es satisfactorio porque significa que m\u00e1s de 4 mil personas lograron una inserci\u00f3n laboral en la provincia, o la mejoraron.<\/p>\n<p>&#8211; \u00bfAlg\u00fan rubro se destaca m\u00e1s que otro en la generaci\u00f3n de empleos en el marco de este programa?<\/p>\n<p>&#8211; Es variado. Quiz\u00e1 comercio tenga una fuerte incidencia porque es el dador de trabajo m\u00e1s importante que tenemos en la provincia; cerca de cien mil trabajadores se vinculan a este rubro. Pero hay de todo; empresas de la construcci\u00f3n, metalmec\u00e1nicas, metal\u00fargicas, de infraestructura, de vestimenta\u2026. El universo es muy amplio. En la provincia parte de la recuperaci\u00f3n del empleo pasa por la construcci\u00f3n y la obra p\u00fablica; all\u00ed tambi\u00e9n estamos trabajando.<\/p>\n<p>&#8211; \u00bfSe trata, por lo general, de peque\u00f1as y medianas empresas?<\/p>\n<p>&#8211; El objetivo del programa es ayudar a los sectores que han sufrido m\u00e1s fuertemente los efectos econ\u00f3micos de la pandemia. Las pymes y determinados sectores como el gastron\u00f3mico han sido quiz\u00e1 los m\u00e1s golpeados. Con ellos hemos tenido varias reuniones y lanzado con ellos espec\u00edficamente el programa. Pero se han acercado empresas de todo nivel; empresas muy importantes que tambi\u00e9n sintieron el golpe de la pandemia, y hasta empresas o comercios muy peque\u00f1os con uno o dos empleados que necesitan un refuerzo.<\/p>\n<p>&#8211; \u00bfEl trabajador al inscribirse debe manifestar su preferencia respecto del rubro en el que desea desempe\u00f1arse?<\/p>\n<p>&#8211; S\u00ed, tiene la opci\u00f3n de inscribirse en varias de las actividades en las que se siente con deseo o capacitado para desempe\u00f1arse. Tal vez tiene experiencia en comercio o gastronom\u00eda, entonces, adem\u00e1s de incorporar sus datos, puede se\u00f1alar esos campos sobre los que se siente capacitado.<\/p>\n<p>&#8211; \u00bfHay posibilidades de renovaci\u00f3n en el programa?<\/p>\n<p>&#8211; No, el programa dura seis meses y la ayuda econ\u00f3mica del estado se extiende por ese per\u00edodo. El dinero va a la cuenta del empleador; no se le paga al trabajador, sino que se le deposita a la empresa que contrata y \u00e9sta paga al empleado. No se busca la renovaci\u00f3n, sino ampliar el espectro de empresas y trabajadores que puedan ser beneficiados con el programa.<\/p>\n<h6>Fuente: El Litoral<\/h6>\n","protected":false},"excerpt":{"rendered":"<p>Comenz\u00f3 a instrumentarse en octubre del a\u00f1o pasado. Desde entonces, se inscribieron casi cuatro mil hombres y mujeres de entre 18 y 30 a\u00f1os. De ellos, un tercio logr\u00f3 insertarse laboralmente. Esperan potenciarlo, y duplicar los n\u00fameros en 2022.<\/p>\n","protected":false},"author":2,"featured_media":122540,"comment_status":"closed","ping_status":"closed","sticky":false,"template":"","format":"standard","meta":{"footnotes":""},"categories":[2],"tags":[10],"class_list":["post-122539","post","type-post","status-publish","format-standard","has-post-thumbnail","hentry","category-informe-municipal","tag-santa-fe"],"_links":{"self":[{"href":"http:\/\/argentinamunicipal.com.ar\/argentina\/wp-json\/wp\/v2\/posts\/122539","targetHints":{"allow":["GET"]}}],"collection":[{"href":"http:\/\/argentinamunicipal.com.ar\/argentina\/wp-json\/wp\/v2\/posts"}],"about":[{"href":"http:\/\/argentinamunicipal.com.ar\/argentina\/wp-json\/wp\/v2\/types\/post"}],"author":[{"embeddable":true,"href":"http:\/\/argentinamunicipal.com.ar\/argentina\/wp-json\/wp\/v2\/users\/2"}],"replies":[{"embeddable":true,"href":"http:\/\/argentinamunicipal.com.ar\/argentina\/wp-json\/wp\/v2\/comments?post=122539"}],"version-history":[{"count":0,"href":"http:\/\/argentinamunicipal.com.ar\/argentina\/wp-json\/wp\/v2\/posts\/122539\/revisions"}],"wp:featuredmedia":[{"embeddable":true,"href":"http:\/\/argentinamunicipal.com.ar\/argentina\/wp-json\/wp\/v2\/media\/122540"}],"wp:attachment":[{"href":"http:\/\/argentinamunicipal.com.ar\/argentina\/wp-json\/wp\/v2\/media?parent=122539"}],"wp:term":[{"taxonomy":"category","embeddable":true,"href":"http:\/\/argentinamunicipal.com.ar\/argentina\/wp-json\/wp\/v2\/categories?post=122539"},{"taxonomy":"post_tag","embeddable":true,"href":"http:\/\/argentinamunicipal.com.ar\/argentina\/wp-json\/wp\/v2\/tags?post=122539"}],"curies":[{"name":"wp","href":"https:\/\/api.w.org\/{rel}","templated":true}]}}