{"id":12265,"date":"2014-07-25T15:55:22","date_gmt":"2014-07-25T18:55:22","guid":{"rendered":"http:\/\/argentinamunicipal.com.ar\/argentina\/?p=12265"},"modified":"2014-07-25T15:55:22","modified_gmt":"2014-07-25T18:55:22","slug":"instalaran-100-nuevas-garitas-de-colectivo-en-parana","status":"publish","type":"post","link":"http:\/\/argentinamunicipal.com.ar\/argentina\/instalaran-100-nuevas-garitas-de-colectivo-en-parana\/","title":{"rendered":"Instalar\u00e1n 100 nuevas garitas de colectivo en Paran\u00e1"},"content":{"rendered":"<div id=\"attachment_12266\" style=\"width: 771px\" class=\"wp-caption aligncenter\"><a href=\"http:\/\/argentinamunicipal.com.ar\/argentina\/wp-content\/uploads\/2014\/07\/colectivo_garita.jpg_2069580699.jpg\"><img loading=\"lazy\" decoding=\"async\" aria-describedby=\"caption-attachment-12266\" class=\"size-full wp-image-12266\" src=\"http:\/\/argentinamunicipal.com.ar\/argentina\/wp-content\/uploads\/2014\/07\/colectivo_garita.jpg_2069580699.jpg\" alt=\"Estructura. Tendr\u00e1n un mapa de ubicaci\u00f3n e informaci\u00f3n sobre las l\u00edneas.\" width=\"761\" height=\"507\" srcset=\"http:\/\/argentinamunicipal.com.ar\/argentina\/wp-content\/uploads\/2014\/07\/colectivo_garita.jpg_2069580699.jpg 761w, http:\/\/argentinamunicipal.com.ar\/argentina\/wp-content\/uploads\/2014\/07\/colectivo_garita.jpg_2069580699-300x199.jpg 300w\" sizes=\"auto, (max-width: 761px) 100vw, 761px\" \/><\/a><p id=\"caption-attachment-12266\" class=\"wp-caption-text\">Estructura. Tendr\u00e1n un mapa de ubicaci\u00f3n e informaci\u00f3n sobre las l\u00edneas.<\/p><\/div>\n<p>Dos empresas proponen invertir 3,5 millones de pesos. Mejora la est\u00e9tica urbana, con poco resguardo a usuarios.<\/p>\n<p>Finalmente, luego de largos a\u00f1os de sufrir el mal estado de las garitas de colectivos y de proyectos que no prosperaron, parecen darse pasos firmes en la renovaci\u00f3n de ese mobiliario urbano. Los miles de usuarios que a diario aguardan el paso del transporte urbano parece que podr\u00e1n, en un tiempo m\u00e1s, observar nuevas estructuras que reemplazar\u00e1n a aquellas obsoletas o alcanzadas por el vandalismo.<\/p>\n<p>Durante la jornada de ayer se conocieron las ofertas para instalar 71 nuevas garitas, en una primera etapa en avenidas principales, micro y macrocentro, y otras 29 m\u00e1s adelante en los barrios. En total, se presume que hay unos 400 refugios en la ciudad.<\/p>\n<p>De acuerdo con la informaci\u00f3n oficial, en el marco del Plan M\u00e1s Cerca, M\u00e1s Municipio, Mejor Pa\u00eds, M\u00e1s Patria, se instalar\u00e1n 30 garitas en avenidas Almafuerte, Almirante Brown, Churruar\u00edn, y Don Bosco. Asimismo, a trav\u00e9s del Plan de Acci\u00f3n Paran\u00e1 del Bicentenario, se colocar\u00e1n 12 garitas de doble m\u00f3dulo en la zona c\u00e9ntrica, que tendr\u00e1n capacidad para albergar a m\u00e1s personas que a diario se movilizan en colectivo, m\u00e1s 29 garitas comunes. Estas intervenciones estar\u00e1n acompa\u00f1adas por la recuperaci\u00f3n integral de las garitas existentes.<\/p>\n<p>\u201cLa propuesta tiene como objetivo mejorar el equipamiento urbano, que gracias al paso del tiempo y al incremento de usuarios de transporte p\u00fablico se encuentra actualmente muy deteriorado y es insuficiente\u201d, se\u00f1al\u00f3 el secretario de Planificaci\u00f3n, Infraestructura y Servicios, Guillermo Federik. Por otro lado, agreg\u00f3 que \u201cla incorporaci\u00f3n de m\u00faltiples garitas de gran tama\u00f1o beneficiar\u00e1 a todo aquel que utilice colectivos y circule por el microcentro, ya que se colocar\u00e1n en los sitios m\u00e1s congestionados de la ciudad y, por lo tanto, con mayor demanda\u201d.<\/p>\n<p>En cuanto al dise\u00f1o presentado, abre interrogantes acerca de su real cobertura de la lluvia o del sol, y de los efectos del viento, una situaci\u00f3n largamente demandada por los usuarios.<\/p>\n<p>Seg\u00fan se precis\u00f3, ser\u00e1n estructuras de dos columnas \u2013en el caso de las garitas comunes\u2013, o de tres \u2013para garitas dobles\u2013, y techo de chapa lisa. Cada dispositivo contar\u00e1 con un bastidor de ca\u00f1o con dos solapas de chapa: en la parte interior de cada uno, una de las solapas contendr\u00e1 un mapa de ubicaci\u00f3n, y la otra, leyendas informativas sobre el recorrido de las l\u00edneas que operan. El sector posterior de cada garita se destinar\u00e1 a publicidad.<br \/>\nAl parecer, la est\u00e9tica de la ciudad mejorar\u00e1 por la nueva estructura, aunque la cobertura de seguridad para los usuarios parece no quedar asegurada. Al mismo tiempo de la instalaci\u00f3n de los nuevos refugios, se iniciar\u00e1 la recuperaci\u00f3n y puesta en valor de los ya existentes. Los trabajos, en general, consistir\u00e1n en la reparaci\u00f3n de elementos en mal estado, reemplazo de policarbonatos rotos y ca\u00f1os doblados, y pintura.<\/p>\n<p>El monto oficial para la obra del Plan M\u00e1s Cerca es de 1.366.000 pesos, y para la intervenci\u00f3n del Plan de Acci\u00f3n Paran\u00e1 del Bicentenario de 2.040.351,54 pesos. El plazo de ejecuci\u00f3n para ambas es de cuatro meses corridos.<\/p>\n<p>Para ambas intervenciones se presentaron las empresas Szczech y Szczech y TEP SRL.<\/p>\n<h6>Fuente: Uno, Entre R\u00edos<\/h6>\n","protected":false},"excerpt":{"rendered":"<p>Dos empresas proponen invertir 3,5 millones de pesos. Mejora la est\u00e9tica urbana, con poco resguardo a usuarios. Finalmente, luego de largos a\u00f1os de sufrir el mal estado de las garitas de colectivos y de proyectos que no prosperaron, parecen darse pasos firmes en la renovaci\u00f3n de ese mobiliario urbano. Los miles de usuarios que a<\/p>\n","protected":false},"author":2,"featured_media":12266,"comment_status":"closed","ping_status":"closed","sticky":false,"template":"","format":"standard","meta":{"footnotes":""},"categories":[2],"tags":[17],"class_list":["post-12265","post","type-post","status-publish","format-standard","has-post-thumbnail","hentry","category-informe-municipal","tag-entre-rios"],"_links":{"self":[{"href":"http:\/\/argentinamunicipal.com.ar\/argentina\/wp-json\/wp\/v2\/posts\/12265","targetHints":{"allow":["GET"]}}],"collection":[{"href":"http:\/\/argentinamunicipal.com.ar\/argentina\/wp-json\/wp\/v2\/posts"}],"about":[{"href":"http:\/\/argentinamunicipal.com.ar\/argentina\/wp-json\/wp\/v2\/types\/post"}],"author":[{"embeddable":true,"href":"http:\/\/argentinamunicipal.com.ar\/argentina\/wp-json\/wp\/v2\/users\/2"}],"replies":[{"embeddable":true,"href":"http:\/\/argentinamunicipal.com.ar\/argentina\/wp-json\/wp\/v2\/comments?post=12265"}],"version-history":[{"count":0,"href":"http:\/\/argentinamunicipal.com.ar\/argentina\/wp-json\/wp\/v2\/posts\/12265\/revisions"}],"wp:featuredmedia":[{"embeddable":true,"href":"http:\/\/argentinamunicipal.com.ar\/argentina\/wp-json\/wp\/v2\/media\/12266"}],"wp:attachment":[{"href":"http:\/\/argentinamunicipal.com.ar\/argentina\/wp-json\/wp\/v2\/media?parent=12265"}],"wp:term":[{"taxonomy":"category","embeddable":true,"href":"http:\/\/argentinamunicipal.com.ar\/argentina\/wp-json\/wp\/v2\/categories?post=12265"},{"taxonomy":"post_tag","embeddable":true,"href":"http:\/\/argentinamunicipal.com.ar\/argentina\/wp-json\/wp\/v2\/tags?post=12265"}],"curies":[{"name":"wp","href":"https:\/\/api.w.org\/{rel}","templated":true}]}}