{"id":122701,"date":"2022-02-03T06:32:45","date_gmt":"2022-02-03T09:32:45","guid":{"rendered":"http:\/\/argentinamunicipal.com.ar\/argentina\/?p=122701"},"modified":"2022-02-03T06:32:45","modified_gmt":"2022-02-03T09:32:45","slug":"el-intendente-de-malargue-y-legisladores-de-la-ucr-tambien-reclamaron-por-portezuelo","status":"publish","type":"post","link":"http:\/\/argentinamunicipal.com.ar\/argentina\/el-intendente-de-malargue-y-legisladores-de-la-ucr-tambien-reclamaron-por-portezuelo\/","title":{"rendered":"El intendente de Malarg\u00fce y legisladores de la UCR tambi\u00e9n reclamaron por Portezuelo"},"content":{"rendered":"<p>Juan Manuel Ojeda apoy\u00f3 el pedido de audiencia que har\u00e1 el gobernador al Presidente por Portezuelo del Viento. Tambi\u00e9n se expresaron los legisladores radicales Alejandro Diumenjo, Natalia Eisenchlas y Adri\u00e1n Reche<\/p>\n<p>Apenas unas horas despu\u00e9s de que el gobernador\u00a0Rodolfo Suarez\u00a0anunciara que pedir\u00e1 una audiencia al Presidente de la Naci\u00f3n para que se\u00a0defina la situaci\u00f3n de Portezuelo del Viento,\u00a0comenzaron a sumarse voces de adhesi\u00f3n a la posici\u00f3n del mandatario y de reclamo a Alberto Fern\u00e1ndez.<\/p>\n<p>El intendente de Malarg\u00fce, Juan Manuel Ojeda fue uno de los primeros en expresarse y luego lo hicieron legisladores de la Uni\u00f3n C\u00edvica Radical (UCR).<\/p>\n<p>El jefe comunal del departamento sure\u00f1o es quiz\u00e1s uno de los m\u00e1s fervientes luchadores porque la obra, que involucra a su departamento, se concrete. Por ello se\u00f1al\u00f3:\u00a0\u00abMalarg\u00fce, la provincia de Mendoza y el pa\u00eds necesitan de esta obra. Es #S\u00ed al Aprovechamiento H\u00eddrico Multiprop\u00f3sito Portezuelo del Viento. Es prioridad 1.\u00a0Se\u00f1or presidente Alberto Fern\u00e1ndez necesitamos que laude en favor de la misma por el futuro de la regi\u00f3n. S\u00ed a Portezuelo\u00bb.<\/p>\n<p>Hace poco m\u00e1s de una semana Ojeda\u00a0asegur\u00f3 que \u00abno hay forma de despegar econ\u00f3micamente si no se toman decisiones pol\u00edticas correctas\u00bb. Teniendo en cuenta las trabas respecto de la megaobra,\u00a0levant\u00f3 la mano nuevamente por la miner\u00eda en el departamento\u00a0y asegur\u00f3 que\u00a0\u00abquien quiera ser gobernador sabe que la va a necesitar\u00bb.<\/p>\n<p>\u00abMalarg\u00fce\u00a0es una porci\u00f3n de tierra totalmente distinta a cualquier otro lugar de Mendoza y\u00a0puede ser un polo minero, industrial, energ\u00e9tico\u00bb, insisti\u00f3.<\/p>\n<p><strong>Voces legislativas<\/strong><br \/>\nEl senador Alejandro Diumenjo,\u00a0presidente del bloque de la Uni\u00f3n C\u00edvica Radical en la C\u00e1mara Alta, indic\u00f3 que \u00abel gobernador Rodolfo Suarez solicit\u00f3 una audiencia con Alberto Fern\u00e1ndez para pedirle que laude en el conflicto que Mendoza tiene con La Pampa por Portezuelo del Viento.\u00a0Esperamos que el Presidente se defina y d\u00e9 una resoluci\u00f3n al respecto de este tema\u00bb.<\/p>\n<p>Natalia Eisenchlas,\u00a0tambi\u00e9n senadora, dijo por su parte: \u00abEl gobernador Rodolfo Suarez solicita una audiencia al Presidente por la necesidad de definir la situaci\u00f3n de Portezuelo. Esperamos que este encuentro se produzca r\u00e1pidamente para que los mendocinos tengamos certezas y podamos a avanzar creando empleos y reactivando la econom\u00eda\u00bb.<\/p>\n<p>A esto se sum\u00f3 el proyecto presentado y aprobado este martes en la C\u00e1mara de Diputados de la provincia por\u00a0Adri\u00e1n Reche\u00a0para hace conocer \u00abel deseo de que el Presidente de la Naci\u00f3n laude de inmediato respecto de los diferendos suscitados en la sesi\u00f3n del Comit\u00e9 Interjurisdiccional del R\u00edo Colorado (COIRCO)\u00bb.<\/p>\n<p><strong>El Presidente est\u00e1 de gira<\/strong><br \/>\nEn cuanto al pedido de audiencia de Suarez al Presidente habr\u00e1 que esperar porque actualmente Alberto Fern\u00e1ndez est\u00e1 en una gira que incluye visitas a Rusia, China y Barbados. Retornar\u00e1 reci\u00e9n el mi\u00e9rcoles 9. Mientras tanto, est\u00e1 a cargo del Poder Ejecutivo de la Naci\u00f3n, la vicepresidenta Cristina Fern\u00e1ndez de Kirchner.<\/p>\n<p>Este martes, tras la presentaci\u00f3n formal del Ciclo Lectivo 2022,\u00a0el gobernador Rodolfo Suarez advirti\u00f3\u00a0ante la prensa\u00a0que pedir\u00e1 una audiencia con el presidente Alberto Fern\u00e1ndez para tomar una decisi\u00f3n respecto de los fondos que, en principio, se destinar\u00edan a la obra Portezuelo del Viento.<\/p>\n<p>En su reaparici\u00f3n tras sus vacaciones,\u00a0Suarez ratific\u00f3 que s\u00ed present\u00f3 el pedido de laudo presidencial\u00a0sobre el estudio de impacto ambiental de la megaobra en Malarg\u00fce y que\u00a0\u00abno hay ning\u00fan elemento para agregar\u00bb. \u00abSolo falte que laude, salvo que no quiera laudar\u00bb, dijo el gobernador de Mendoza.<\/p>\n<p>Esto es en contraposici\u00f3n a la respuesta que el ministro del Interior, Eduardo de Pedro, dio sobre el pronto despacho presentado por Suarez y en la que desde Naci\u00f3n se advirti\u00f3 que Mendoza no hab\u00eda cumplido con el pedido formal de arbitraje.<\/p>\n<h6>Fuente: Uno<\/h6>\n","protected":false},"excerpt":{"rendered":"<p>Juan Manuel Ojeda apoy\u00f3 el pedido de audiencia que har\u00e1 el gobernador al Presidente por Portezuelo del Viento. Tambi\u00e9n se expresaron los legisladores radicales Alejandro Diumenjo, Natalia Eisenchlas y Adri\u00e1n Reche<\/p>\n","protected":false},"author":2,"featured_media":122702,"comment_status":"closed","ping_status":"closed","sticky":false,"template":"","format":"standard","meta":{"footnotes":""},"categories":[4],"tags":[31],"class_list":["post-122701","post","type-post","status-publish","format-standard","has-post-thumbnail","hentry","category-informe-politico","tag-mendoza"],"_links":{"self":[{"href":"http:\/\/argentinamunicipal.com.ar\/argentina\/wp-json\/wp\/v2\/posts\/122701","targetHints":{"allow":["GET"]}}],"collection":[{"href":"http:\/\/argentinamunicipal.com.ar\/argentina\/wp-json\/wp\/v2\/posts"}],"about":[{"href":"http:\/\/argentinamunicipal.com.ar\/argentina\/wp-json\/wp\/v2\/types\/post"}],"author":[{"embeddable":true,"href":"http:\/\/argentinamunicipal.com.ar\/argentina\/wp-json\/wp\/v2\/users\/2"}],"replies":[{"embeddable":true,"href":"http:\/\/argentinamunicipal.com.ar\/argentina\/wp-json\/wp\/v2\/comments?post=122701"}],"version-history":[{"count":0,"href":"http:\/\/argentinamunicipal.com.ar\/argentina\/wp-json\/wp\/v2\/posts\/122701\/revisions"}],"wp:featuredmedia":[{"embeddable":true,"href":"http:\/\/argentinamunicipal.com.ar\/argentina\/wp-json\/wp\/v2\/media\/122702"}],"wp:attachment":[{"href":"http:\/\/argentinamunicipal.com.ar\/argentina\/wp-json\/wp\/v2\/media?parent=122701"}],"wp:term":[{"taxonomy":"category","embeddable":true,"href":"http:\/\/argentinamunicipal.com.ar\/argentina\/wp-json\/wp\/v2\/categories?post=122701"},{"taxonomy":"post_tag","embeddable":true,"href":"http:\/\/argentinamunicipal.com.ar\/argentina\/wp-json\/wp\/v2\/tags?post=122701"}],"curies":[{"name":"wp","href":"https:\/\/api.w.org\/{rel}","templated":true}]}}