{"id":122803,"date":"2022-02-07T06:34:16","date_gmt":"2022-02-07T09:34:16","guid":{"rendered":"http:\/\/argentinamunicipal.com.ar\/argentina\/?p=122803"},"modified":"2022-02-07T06:34:16","modified_gmt":"2022-02-07T09:34:16","slug":"la-provincia-de-santa-fe-capacitara-a-cooperativas-de-trabajo-para-que-puedan-participar-en-la-obra-publica","status":"publish","type":"post","link":"http:\/\/argentinamunicipal.com.ar\/argentina\/la-provincia-de-santa-fe-capacitara-a-cooperativas-de-trabajo-para-que-puedan-participar-en-la-obra-publica\/","title":{"rendered":"La provincia de Santa Fe capacitar\u00e1 a cooperativas de trabajo para que puedan participar en la obra p\u00fablica"},"content":{"rendered":"<p>Funcionarios de los ministerios de Infraestructura, Servicios P\u00fablicos y H\u00e1bitat y de Producci\u00f3n, Ciencia y Tecnolog\u00eda, brindar\u00e1n capacitaciones en Rosario, Santa Fe y Reconquista<\/p>\n<p>Los ministerios de Infraestructura, Servicios P\u00fablicos y H\u00e1bitat y de Producci\u00f3n, Ciencia y Tecnolog\u00eda, llevar\u00e1n adelante una ronda de capacitaciones en las ciudades de Rosario, Santa Fe y Reconquista, para que los integrantes de cooperativas conozcan m\u00e1s sobre el funcionamiento del Estado y agilicen as\u00ed los procesos de inscripci\u00f3n y participaci\u00f3n en licitaciones y concursos de precios.<br \/>\nCabe recordar, que en junio de 2021, desde ambas carteras provinciales presentaron el Registro de Cooperativas de Trabajo, habilitado en la Direcci\u00f3n del Registro de Licitadores de Obras P\u00fablicas, a partir del cual las cooperativas podr\u00e1n participar en trabajos de reparaci\u00f3n, ampliaci\u00f3n, remodelaci\u00f3n o refuncionalizaci\u00f3n de edificios p\u00fablicos en la provincia.<br \/>\nAl respecto, la ministra Silvina Frana indic\u00f3: \u00abBuscamos generar las herramientas necesarias de inclusi\u00f3n para que las cooperativas puedan participar en la obra p\u00fablica. Porque sabemos que muchos hombres y mujeres se agrupan en cooperativas para poder acceder a fuentes de trabajos. Y en este camino que se inici\u00f3, hemos detectado algunas dificultades y falta de documental obligatorias para poder participar de licitaciones y concursos de precios\u201d, explic\u00f3.<\/p>\n<p>M\u00e1s adelante, Frana destac\u00f3 la importancia del programa: \u00abLa gesti\u00f3n del gobernador Omar Perotti nos impulsa ser m\u00e1s creativos y encontrar distintas herramientas, para que hombres y mujeres puedan acceder al mundo del trabajo\u00bb.<\/p>\n<p>Capacitaciones<br \/>\nEn las jornadas de capacitaci\u00f3n estar\u00e1n presentes, el subsecretario de Auditor\u00eda y Control, Alberto Tosti; la directora Provincial de Auditor\u00eda y Control, Ileana Rossi; el director de Econom\u00eda Social, Emprendedorismo y Agricultura Familiar, Guillermo Tavernier, y la sub directora General de Auditor\u00eda y Control de Gesti\u00f3n, Andrea Quartucci.<\/p>\n<p>Los encuentros est\u00e1n enfocados en explicar los procesos de contrataci\u00f3n y licitaci\u00f3n en la obra p\u00fablica provincial. En tal sentido, los interesados podr\u00e1n participar de manera gratuita y sin inscripci\u00f3n previa, de las capacitaciones en:<\/p>\n<p>Santa Fe. Ser\u00e1 el mi\u00e9rcoles 9 de febrero, a las 8.30 horas, en El Molino (Bv. G\u00e1lvez 2350).<\/p>\n<p>Rosario. Tambi\u00e9n el mi\u00e9rcoles 9 de febrero, a las 14 horas, en la Sede de Gobernaci\u00f3n (Santa Fe 1950)<\/p>\n<p>Reconquista. El jueves 10 de febrero, a las 12.30 horas, en el CIC Barrio Am\u00e9rica (J. A. Roca y Calle 63)<\/p>\n<h6>Fuente: Uno<\/h6>\n","protected":false},"excerpt":{"rendered":"<p>Funcionarios de los ministerios de Infraestructura, Servicios P\u00fablicos y H\u00e1bitat y de Producci\u00f3n, Ciencia y Tecnolog\u00eda, brindar\u00e1n capacitaciones en Rosario, Santa Fe y Reconquista<\/p>\n","protected":false},"author":2,"featured_media":122804,"comment_status":"closed","ping_status":"closed","sticky":false,"template":"","format":"standard","meta":{"footnotes":""},"categories":[65],"tags":[10],"class_list":["post-122803","post","type-post","status-publish","format-standard","has-post-thumbnail","hentry","category-provincias","tag-santa-fe"],"_links":{"self":[{"href":"http:\/\/argentinamunicipal.com.ar\/argentina\/wp-json\/wp\/v2\/posts\/122803","targetHints":{"allow":["GET"]}}],"collection":[{"href":"http:\/\/argentinamunicipal.com.ar\/argentina\/wp-json\/wp\/v2\/posts"}],"about":[{"href":"http:\/\/argentinamunicipal.com.ar\/argentina\/wp-json\/wp\/v2\/types\/post"}],"author":[{"embeddable":true,"href":"http:\/\/argentinamunicipal.com.ar\/argentina\/wp-json\/wp\/v2\/users\/2"}],"replies":[{"embeddable":true,"href":"http:\/\/argentinamunicipal.com.ar\/argentina\/wp-json\/wp\/v2\/comments?post=122803"}],"version-history":[{"count":0,"href":"http:\/\/argentinamunicipal.com.ar\/argentina\/wp-json\/wp\/v2\/posts\/122803\/revisions"}],"wp:featuredmedia":[{"embeddable":true,"href":"http:\/\/argentinamunicipal.com.ar\/argentina\/wp-json\/wp\/v2\/media\/122804"}],"wp:attachment":[{"href":"http:\/\/argentinamunicipal.com.ar\/argentina\/wp-json\/wp\/v2\/media?parent=122803"}],"wp:term":[{"taxonomy":"category","embeddable":true,"href":"http:\/\/argentinamunicipal.com.ar\/argentina\/wp-json\/wp\/v2\/categories?post=122803"},{"taxonomy":"post_tag","embeddable":true,"href":"http:\/\/argentinamunicipal.com.ar\/argentina\/wp-json\/wp\/v2\/tags?post=122803"}],"curies":[{"name":"wp","href":"https:\/\/api.w.org\/{rel}","templated":true}]}}