{"id":122832,"date":"2022-02-08T04:48:14","date_gmt":"2022-02-08T07:48:14","guid":{"rendered":"http:\/\/argentinamunicipal.com.ar\/argentina\/?p=122832"},"modified":"2022-02-07T20:50:29","modified_gmt":"2022-02-07T23:50:29","slug":"la-historica-bajante-del-parana-ya-lleva-mas-de-dos-anos-y-seguira-al-menos-hasta-abril","status":"publish","type":"post","link":"http:\/\/argentinamunicipal.com.ar\/argentina\/la-historica-bajante-del-parana-ya-lleva-mas-de-dos-anos-y-seguira-al-menos-hasta-abril\/","title":{"rendered":"La hist\u00f3rica bajante del Paran\u00e1 ya lleva m\u00e1s de dos a\u00f1os y seguir\u00e1 al menos hasta abril"},"content":{"rendered":"<p>El nivel del r\u00edo est\u00e1 este lunes apenas siete cent\u00edmetros por arriba del cero del hidr\u00f3metro del Puerto de Rosario, de acuerdo a los datos que a diario publica Prefectura Naval.<\/p>\n<p>La hist\u00f3rica bajante del r\u00edo Paran\u00e1, que registra niveles parecidos a un fen\u00f3meno ocurrido hace 75 a\u00f1os, se mantendr\u00e1 firme durante las pr\u00f3ximas semanas y no se espera una recuperaci\u00f3n al menos hasta principios de abril. As\u00ed lo inform\u00f3 el Instituto Nacional del Agua (INA), que report\u00f3 que \u00abprevalece una condici\u00f3n general de niveles en aguas bajas en el tramo argentino del r\u00edo Paran\u00e1. Los niveles fluviales continuar\u00e1n en esa condici\u00f3n por las pr\u00f3ximas semanas\u00bb.<\/p>\n<p>Si bien es cierto que el Paran\u00e1 hab\u00eda\u00a0ganado cierta altura durante el pasado mes de diciembre,\u00a0el a\u00f1o\u00a02022 arranc\u00f3 con un descenso brusco, y,\u00a0desde el martes 4 de enero, se mantiene en marcas muy bajas.\u00a0La\u00a0marcada variabilidad clim\u00e1tica regional, presente en la\u00a0cuenca del Plata\u00a0en los\u00a0\u00faltimos 15 a\u00f1os, comenz\u00f3 a hacerse sentir con mucha m\u00e1s fuerza a partir de\u00a0septiembre de 2019.\u00a0Desde entonces prevalecieron las\u00a0tendencias descendentes en todos los grandes r\u00edos que la integran dicha cuenca, entre ellos el Paran\u00e1,\u00a0con una sensible disminuci\u00f3n de los aportes de los afluentes menores.<\/p>\n<p>Adem\u00e1s, durante todo este tiempo se observ\u00f3 con frecuencia una sequ\u00eda que predominaba en casi toda la cuenca del Plata y que, como resultado final, trajo un d\u00e9ficit h\u00eddrico que se fue agudizando con el correr de los meses, provocando la disminuci\u00f3n de la disponibilidad del recurso en todos los pa\u00edses de la regi\u00f3n, con las consecuencias econ\u00f3micas que ello conlleva.<\/p>\n<p>As\u00ed, este lunes el r\u00edo Paran\u00e1 volvi\u00f3 estar apenas siete cent\u00edmetros por arriba del cero del hidr\u00f3metro del Puerto de\u00a0Rosario, de acuerdo a los datos que a diario publica Prefectura Naval. Y esa tendencia se mantendr\u00e1 durante la dos semanas, seg\u00fan la previsi\u00f3n de niveles a corto plazo en Rosario del INA.<\/p>\n<p>De acuerdo al informe semanal de la INA sobre la situaci\u00f3n hidrol\u00f3gica del r\u00edo Paran\u00e1 en el tramo correntino-paraguayo, se registraron pocas lluvias significativas. El caudal afluente al embalse de Yacyret\u00e1 promedi\u00f3 6.160 metros c\u00fabicos por segundo (13% menos), y no se espera un repunte en la pr\u00f3xima semana. La descarga promedi\u00f3 6.330 metros c\u00fabicos por segundo (12% menos). Se espera que se mantenga oscilante por debajo de los 7.500 metros c\u00fabicos por segundo.<\/p>\n<p>En la confluencia de los r\u00edos Paran\u00e1-Paraguay la situaci\u00f3n es de\u00a0bajante\u00a0severa. Es altamente probable que esta condici\u00f3n se mantenga en lo que resta del verano. El marco clim\u00e1tico sigue siendo desfavorable. No debe esperarse una r\u00e1pida recuperaci\u00f3n importante y persistente del caudal entrante al tramo argentino del r\u00edo. No se registrar\u00eda una recuperaci\u00f3n en las pr\u00f3ximas dos semanas.<\/p>\n<p>Se registraron promedios semanales de 0,47 metros en Corrientes y 0,49 metros en Barranqueras (ascensos de 0,12 metros y 0,13 metros respectivamente). Se ubican en 3,72 metros y 3,68 metros por debajo de los respectivos promedios en igual semana de 2021. En febrero los promedios mensuales ser\u00edan de 0,40 m. Significa 3,87 m por debajo de lo normal, considerando como referencia los \u00faltimos 25 a\u00f1os.<\/p>\n<p>En tanto, en la cuenca media del r\u00edo Uruguay, hubo otra semana con lluvias escasas. Fue reducido el aporte en ruta al tramo medio del r\u00edo, y no se espera repunte en el corto plazo.<\/p>\n<p>Adem\u00e1s, la tendencia clim\u00e1tica indica predominio de lluvias inferiores a las normales a normales en el trimestre al 30 de abril 2022 sobre la cuenca media.<\/p>\n<h6>Fuente: La Capital<\/h6>\n","protected":false},"excerpt":{"rendered":"<p>El nivel del r\u00edo est\u00e1 este lunes apenas siete cent\u00edmetros por arriba del cero del hidr\u00f3metro del Puerto de Rosario, de acuerdo a los datos que a diario publica Prefectura Naval.<\/p>\n","protected":false},"author":2,"featured_media":122833,"comment_status":"closed","ping_status":"closed","sticky":false,"template":"","format":"standard","meta":{"footnotes":""},"categories":[2],"tags":[13,10],"class_list":["post-122832","post","type-post","status-publish","format-standard","has-post-thumbnail","hentry","category-informe-municipal","tag-corrientes","tag-santa-fe"],"_links":{"self":[{"href":"http:\/\/argentinamunicipal.com.ar\/argentina\/wp-json\/wp\/v2\/posts\/122832","targetHints":{"allow":["GET"]}}],"collection":[{"href":"http:\/\/argentinamunicipal.com.ar\/argentina\/wp-json\/wp\/v2\/posts"}],"about":[{"href":"http:\/\/argentinamunicipal.com.ar\/argentina\/wp-json\/wp\/v2\/types\/post"}],"author":[{"embeddable":true,"href":"http:\/\/argentinamunicipal.com.ar\/argentina\/wp-json\/wp\/v2\/users\/2"}],"replies":[{"embeddable":true,"href":"http:\/\/argentinamunicipal.com.ar\/argentina\/wp-json\/wp\/v2\/comments?post=122832"}],"version-history":[{"count":0,"href":"http:\/\/argentinamunicipal.com.ar\/argentina\/wp-json\/wp\/v2\/posts\/122832\/revisions"}],"wp:featuredmedia":[{"embeddable":true,"href":"http:\/\/argentinamunicipal.com.ar\/argentina\/wp-json\/wp\/v2\/media\/122833"}],"wp:attachment":[{"href":"http:\/\/argentinamunicipal.com.ar\/argentina\/wp-json\/wp\/v2\/media?parent=122832"}],"wp:term":[{"taxonomy":"category","embeddable":true,"href":"http:\/\/argentinamunicipal.com.ar\/argentina\/wp-json\/wp\/v2\/categories?post=122832"},{"taxonomy":"post_tag","embeddable":true,"href":"http:\/\/argentinamunicipal.com.ar\/argentina\/wp-json\/wp\/v2\/tags?post=122832"}],"curies":[{"name":"wp","href":"https:\/\/api.w.org\/{rel}","templated":true}]}}