{"id":122898,"date":"2022-02-10T04:55:45","date_gmt":"2022-02-10T07:55:45","guid":{"rendered":"http:\/\/argentinamunicipal.com.ar\/argentina\/?p=122898"},"modified":"2022-02-10T06:41:09","modified_gmt":"2022-02-10T09:41:09","slug":"tunuyan-sera-sede-del-40o-festival-nacional-de-la-tonada","status":"publish","type":"post","link":"http:\/\/argentinamunicipal.com.ar\/argentina\/tunuyan-sera-sede-del-40o-festival-nacional-de-la-tonada\/","title":{"rendered":"Tunuy\u00e1n ser\u00e1 sede del 40\u00ba Festival Nacional de la Tonada"},"content":{"rendered":"<p>Este ic\u00f3nico evento del febrero mendocino tendr\u00e1 lugar en el Anfiteatro Municipal y contar\u00e1 con una gran puesta en escena para ponerle brillo y color. Esta edici\u00f3n suma expectativas al coincidir con los 50 a\u00f1os de su primer festejo, al pie del Monumento a la Patria.<\/p>\n<p>El 40\u00b0 Festival Nacional de la Tonada se desarrollar\u00e1 entre el 11 y el 13 de febrero en la localidad mendocina de Tunuy\u00e1n, donde ya est\u00e1n reservadas sus 2.000 plazas hoteleras y esperan el paso de m\u00e1s de 120 mil personas por el predio del festejo, donde actuar\u00e1n reconocidos artistas, informaron autoridades de esta comuna del Valle de Uco.<\/p>\n<p>La secretaria de Relaciones Institucionales de la comuna,\u00a0Graciela Sol\u00eds, dijo a T\u00e9lam que \u201cson 40 ediciones y 50 a\u00f1os de historia\u201d y record\u00f3 que luego de unas tres primeras celebraciones, en los 70, \u201cun intendente transform\u00f3 un ex basural en un predio festivalero que hoy es el anfiteatro\u201d.<\/p>\n<p>Tambi\u00e9n coment\u00f3 que \u00abel a\u00f1o pasado se hizo de manera virtual, pero no es lo mismo el calor del p\u00fablico, la presencia de los artistas, los ranchos de comidas t\u00edpicas, el vino&#8230; todo eso no se pudo vivir porque fue a trav\u00e9s de una pantalla\u201d.<\/p>\n<p>\u201cEstamos\u00a0felices de poder realizarlo\u201d, sostuvo Sol\u00eds, y se\u00f1al\u00f3 que igual que en los a\u00f1os anteriores espera \u00abuna concurrencia total de entre 120.000 y 150.000 personas al predio entre las tres noches, m\u00e1s la noche del jueves que se realiza la Fiesta de la Vendimia con la actuaci\u00f3n gratuita de la banda La Bersuit\u201d.<\/p>\n<p>En tanto, est\u00e1n colmadas las 2.000 plazas hoteleras registradas de Tunuy\u00e1n, m\u00e1s los numerosos sectores para acampar y casas de familia, y se esta derivando a los turistas a localidades vecinas de San Carlos y Tupungato, porque esperan miles de visitantes del norte y del sur de Mendoza y provincias vecinas.<\/p>\n<p>As\u00ed, la cultura tunuyanina se vestir\u00e1 de gala a las orillas del r\u00edo Tunuy\u00e1n durante tres noches que combinar\u00e1n tradici\u00f3n, m\u00fasica y cultura en homenaje a la canci\u00f3n folcl\u00f3rica por excelencia.<\/p>\n<p>Raly Barrionuevo, Soledad Pastoruti, Abel Pintos, Ahyre y Peteco Carabajal son algunos de los grandes artistas que se presentar\u00e1n en el anfiteatro.<\/p>\n<p>El municipio inform\u00f3 que para el ingreso al predio se solicitar\u00e1 el certificado de vacunaci\u00f3n Covid-19 (con al menos dos dosis aplicadas) o la constancia de vacunaci\u00f3n, bajo el lema \u201cFestival Seguro, cuidarte es cuidarnos\u201d, por lo que se dispuso un importante operativo sanitario y de seguridad para cuidar a las familias tunuyaninas, visitantes y turistas.<\/p>\n<p>Las entradas ya est\u00e1n a la venta en la boleter\u00eda del Auditorio Municipal Jorge Ra\u00fal Silvano y trav\u00e9s de www.entradaweb.com.ar, con precios que van desde los $300 para tunuyaninos hasta $1.000 o $3.000 que son las preferencial y diferenciada para el s\u00e1bado, en tanto ni\u00f1os hasta 12 a\u00f1os y personas con discapacidad entran gratis.<\/p>\n<h6>Fuente: Telam<\/h6>\n","protected":false},"excerpt":{"rendered":"<p>Este ic\u00f3nico evento del febrero mendocino tendr\u00e1 lugar en el Anfiteatro Municipal y contar\u00e1 con una gran puesta en escena para ponerle brillo y color. Esta edici\u00f3n suma expectativas al coincidir con los 50 a\u00f1os de su primer festejo, al pie del Monumento a la Patria.<\/p>\n","protected":false},"author":2,"featured_media":122943,"comment_status":"closed","ping_status":"closed","sticky":false,"template":"","format":"standard","meta":{"footnotes":""},"categories":[47],"tags":[31],"class_list":["post-122898","post","type-post","status-publish","format-standard","has-post-thumbnail","hentry","category-fiestas","tag-mendoza"],"_links":{"self":[{"href":"http:\/\/argentinamunicipal.com.ar\/argentina\/wp-json\/wp\/v2\/posts\/122898","targetHints":{"allow":["GET"]}}],"collection":[{"href":"http:\/\/argentinamunicipal.com.ar\/argentina\/wp-json\/wp\/v2\/posts"}],"about":[{"href":"http:\/\/argentinamunicipal.com.ar\/argentina\/wp-json\/wp\/v2\/types\/post"}],"author":[{"embeddable":true,"href":"http:\/\/argentinamunicipal.com.ar\/argentina\/wp-json\/wp\/v2\/users\/2"}],"replies":[{"embeddable":true,"href":"http:\/\/argentinamunicipal.com.ar\/argentina\/wp-json\/wp\/v2\/comments?post=122898"}],"version-history":[{"count":0,"href":"http:\/\/argentinamunicipal.com.ar\/argentina\/wp-json\/wp\/v2\/posts\/122898\/revisions"}],"wp:featuredmedia":[{"embeddable":true,"href":"http:\/\/argentinamunicipal.com.ar\/argentina\/wp-json\/wp\/v2\/media\/122943"}],"wp:attachment":[{"href":"http:\/\/argentinamunicipal.com.ar\/argentina\/wp-json\/wp\/v2\/media?parent=122898"}],"wp:term":[{"taxonomy":"category","embeddable":true,"href":"http:\/\/argentinamunicipal.com.ar\/argentina\/wp-json\/wp\/v2\/categories?post=122898"},{"taxonomy":"post_tag","embeddable":true,"href":"http:\/\/argentinamunicipal.com.ar\/argentina\/wp-json\/wp\/v2\/tags?post=122898"}],"curies":[{"name":"wp","href":"https:\/\/api.w.org\/{rel}","templated":true}]}}