{"id":12296,"date":"2014-07-28T08:32:34","date_gmt":"2014-07-28T11:32:34","guid":{"rendered":"http:\/\/argentinamunicipal.com.ar\/argentina\/?p=12296"},"modified":"2014-07-28T08:32:34","modified_gmt":"2014-07-28T11:32:34","slug":"el-papa-pidio-por-la-paz-en-israel-y-palestina-no-mas-guerra-es-hora-de-detenerse","status":"publish","type":"post","link":"http:\/\/argentinamunicipal.com.ar\/argentina\/el-papa-pidio-por-la-paz-en-israel-y-palestina-no-mas-guerra-es-hora-de-detenerse\/","title":{"rendered":"El Papa pidi\u00f3 por la paz en Israel y Palestina: : \u201cNo m\u00e1s guerra. Es hora de detenerse\u201d"},"content":{"rendered":"<p><a href=\"http:\/\/argentinamunicipal.com.ar\/argentina\/wp-content\/uploads\/2014\/07\/francisco-orando.jpg\"><img loading=\"lazy\" decoding=\"async\" class=\"aligncenter  wp-image-12297\" src=\"http:\/\/argentinamunicipal.com.ar\/argentina\/wp-content\/uploads\/2014\/07\/francisco-orando.jpg\" alt=\"francisco-orando\" width=\"697\" height=\"593\" srcset=\"http:\/\/argentinamunicipal.com.ar\/argentina\/wp-content\/uploads\/2014\/07\/francisco-orando.jpg 1162w, http:\/\/argentinamunicipal.com.ar\/argentina\/wp-content\/uploads\/2014\/07\/francisco-orando-300x255.jpg 300w, http:\/\/argentinamunicipal.com.ar\/argentina\/wp-content\/uploads\/2014\/07\/francisco-orando-1024x871.jpg 1024w\" sizes=\"auto, (max-width: 697px) 100vw, 697px\" \/><\/a><br \/>\nEn su Angelus, el Papa llam\u00f3 no s\u00f3lo a poner fin al conflicto armado que sacude a Medio Oriente, sino tambi\u00e9n a finalizar las hostilidades en Irak y Ucrania<\/p>\n<p>Francisco hizo hoy un llamado para que las sociedades y las autoridades de Ucrania, Medio Oriente e Irak detengan la guerra, y dialoguen con valent\u00eda para alcanzar la paz.<\/p>\n<p>\u201cNo m\u00e1s guerra. Es hora de detenerse. Det\u00e9nganse, por favor, se lo pido con el coraz\u00f3n, det\u00e9nganse\u201d, insisti\u00f3 el pont\u00edfice, durante el discurso que realiz\u00f3 posterior al rezo del \u00c1ngelus, seg\u00fan reproduce la agencia EFE.<\/p>\n<p>El obispo de Roma record\u00f3 ante los miles de fieles congregados en la Plaza de San Pedro del Vaticano que ma\u00f1ana se cumple el centenario del estallido de la Primera Guerra Mundial.<\/p>\n<p>Desde la ventana de su Palacio Apost\u00f3lico, se refiri\u00f3 a este hecho como un \u00abtr\u00e1gico evento\u00bb que, dijo, es preciso recordar para tener presente \u00ablas lecciones de la historia, haciendo que prevalezca siempre la paz mediante un di\u00e1logo paciente y valiente\u00bb.<\/p>\n<p>En este sentido, Jorge Bergoglio dirigi\u00f3 unas palabras a las personas que viven en Ucrania, Irak y Medio Oriente, tres zonas sumidas en este momento en conflictos armados.<\/p>\n<p>\u00abOs pido que os un\u00e1is en mi plegaria para que el Se\u00f1or conceda a las poblaciones y a las autoridades de estas zonas la sabidur\u00eda y la fuerza necesaria para alcanzar con determinaci\u00f3n el camino de la paz, afrontando cualquier disputa con la tenacidad del di\u00e1logo y de la negociaci\u00f3n, con la fuerza de la reconciliaci\u00f3n\u00bb, urgi\u00f3.<\/p>\n<p>Y a\u00f1adi\u00f3: \u00abQue en el centro de cada decisi\u00f3n, no se ponga el inter\u00e9s particular, sino el bien com\u00fan y el respeto de cada persona. Recordemos que todo se pierde con la guerra y nada se pierde con la paz\u00bb.<\/p>\n<p>Francisco hizo alusi\u00f3n al dolor de las personas que viven en guerra y puso su atenci\u00f3n, especialmente, en los ni\u00f1os.<\/p>\n<p>\u00abPienso sobre todo en los ni\u00f1os a los que se les quita la esperanza de tener un futuro. Ni\u00f1os muertos, heridos, mutilados, hu\u00e9rfanos, que tienen por juguete los restos b\u00e9licos\u00bb, expres\u00f3.<\/p>\n<p>El m\u00e1ximo representante de la Iglesia cat\u00f3lica termin\u00f3 su discurso con una sola palabra: \u00abdet\u00e9nganse\u00bb.<\/p>\n<p>Despu\u00e9s, salud\u00f3 a los fieles cat\u00f3licos congregados en la plaza vaticana y cit\u00f3 a los cristianos pertenecientes a las di\u00f3cesis de Cartagena, Madrid y Asidonia-Jerez.<\/p>\n<h6>Fuente: Uno, Entre R\u00edos<\/h6>\n","protected":false},"excerpt":{"rendered":"<p>En su Angelus, el Papa llam\u00f3 no s\u00f3lo a poner fin al conflicto armado que sacude a Medio Oriente, sino tambi\u00e9n a finalizar las hostilidades en Irak y Ucrania Francisco hizo hoy un llamado para que las sociedades y las autoridades de Ucrania, Medio Oriente e Irak detengan la guerra, y dialoguen con valent\u00eda para<\/p>\n","protected":false},"author":2,"featured_media":12297,"comment_status":"closed","ping_status":"closed","sticky":false,"template":"","format":"standard","meta":{"footnotes":""},"categories":[22],"tags":[57],"class_list":["post-12296","post","type-post","status-publish","format-standard","has-post-thumbnail","hentry","category-el-mundo","tag-el-mundo"],"_links":{"self":[{"href":"http:\/\/argentinamunicipal.com.ar\/argentina\/wp-json\/wp\/v2\/posts\/12296","targetHints":{"allow":["GET"]}}],"collection":[{"href":"http:\/\/argentinamunicipal.com.ar\/argentina\/wp-json\/wp\/v2\/posts"}],"about":[{"href":"http:\/\/argentinamunicipal.com.ar\/argentina\/wp-json\/wp\/v2\/types\/post"}],"author":[{"embeddable":true,"href":"http:\/\/argentinamunicipal.com.ar\/argentina\/wp-json\/wp\/v2\/users\/2"}],"replies":[{"embeddable":true,"href":"http:\/\/argentinamunicipal.com.ar\/argentina\/wp-json\/wp\/v2\/comments?post=12296"}],"version-history":[{"count":0,"href":"http:\/\/argentinamunicipal.com.ar\/argentina\/wp-json\/wp\/v2\/posts\/12296\/revisions"}],"wp:featuredmedia":[{"embeddable":true,"href":"http:\/\/argentinamunicipal.com.ar\/argentina\/wp-json\/wp\/v2\/media\/12297"}],"wp:attachment":[{"href":"http:\/\/argentinamunicipal.com.ar\/argentina\/wp-json\/wp\/v2\/media?parent=12296"}],"wp:term":[{"taxonomy":"category","embeddable":true,"href":"http:\/\/argentinamunicipal.com.ar\/argentina\/wp-json\/wp\/v2\/categories?post=12296"},{"taxonomy":"post_tag","embeddable":true,"href":"http:\/\/argentinamunicipal.com.ar\/argentina\/wp-json\/wp\/v2\/tags?post=12296"}],"curies":[{"name":"wp","href":"https:\/\/api.w.org\/{rel}","templated":true}]}}