{"id":123212,"date":"2022-02-18T04:34:50","date_gmt":"2022-02-18T07:34:50","guid":{"rendered":"http:\/\/argentinamunicipal.com.ar\/argentina\/?p=123212"},"modified":"2022-02-17T21:36:59","modified_gmt":"2022-02-18T00:36:59","slug":"intendentes-santafesinos-asistieron-a-presentacion-del-programa-municipios-de-pie","status":"publish","type":"post","link":"http:\/\/argentinamunicipal.com.ar\/argentina\/intendentes-santafesinos-asistieron-a-presentacion-del-programa-municipios-de-pie\/","title":{"rendered":"Intendentes santafesinos asistieron a presentaci\u00f3n del programa Municipios de Pie"},"content":{"rendered":"<p>Para Germ\u00e1n Bacarella, secretario de \u00c1reas Metropolitanas del gobierno santafesino, \u00abhacen falta inversiones que sigan generando beneficios concretos para nuestra gente\u201d.<\/p>\n<p>\u201cEste tipo de inversiones del gobierno nacional son las que generan beneficios concretos para nuestra gente\u00a0a trav\u00e9s de acciones de sus gobiernos locales, complementado las pol\u00edticas p\u00fablicas provinciales\u201d, destac\u00f3\u00a0Germ\u00e1n Bacarella, secretario de \u00c1reas Metropolitanas del gobierno santafesino.<\/p>\n<p>\u201cLos aportes nacionales contemplados en este programa\u00a0se traducen en realizaciones y obras que complementan y potencian las que impulsa nuestro gobierno provincial, con el objetivo de trabajar todos y todas en la misma direcci\u00f3n, que es la de mejorar la vida de los vecinos y vecinas de cada una de las ciudades y pueblos santafesinos\u201d, remarc\u00f3.<\/p>\n<p>\u201cEntre las principales iniciativas que se trabajan actualmente en el marco de Municipios de Pie, est\u00e1n las de avanzar hacia la eficiencia energ\u00e9tica, a trav\u00e9s de la provisi\u00f3n de nuevas luminarias y todo el acompa\u00f1amiento t\u00e9cnico necesario a municipios y comunas.\u00a0Cada paso en este sentido debe complementarse con las obras de infraestructura y las pol\u00edticas p\u00fablicas acordes\u00a0al desaf\u00edo de recuperarnos, de poner la Argentina de pie; y en esto es clave una inversi\u00f3n en educaci\u00f3n\u201d, se\u00f1al\u00f3 Bacarella.<\/p>\n<p>Y a\u00f1adi\u00f3: \u201cNuestra provincia tiene un rol fundamental en la recuperaci\u00f3n nacional, porque\u00a0se trata de priorizar el modelo de inclusi\u00f3n social a trav\u00e9s del desarrollo, la producci\u00f3n, el trabajo cada vez m\u00e1s calificado, que son el objetivo com\u00fan de los distintos sectores econ\u00f3micos santafesinos y de los actores de nuestras econom\u00edas regionales\u201d.<\/p>\n<p>\u201cEste camino de trabajo por el bienestar de la gente es el que venimos promoviendo con el diputado nacional\u00a0Marcos Cleri\u00a0y solo es posible a trav\u00e9s de la sinergia entre el gobierno nacional con los gobiernos provinciales y municipales, privilegiando el\u00a0crecimiento genuino, soberano, basado en el consumo interno, que permiten avanzar hacia una plena justicia social\u201d, concluy\u00f3.<\/p>\n<p>Del encuentro, realizado en Buenos Aires y encabezado por\u00a0Pablo Tato Giles, subsecretario de Relaciones Municipales de la cartera nacional que conduce\u00a0Eduardo Wado De Pedro,\u00a0al que el titular de \u00c1reas Metropolitanas asisti\u00f3 junto con m\u00e1s de 30 intendentes y presidentes comunales, que fueron acompa\u00f1ados por el senador nacional\u00a0Marcelo Lewandowski\u00a0y los diputados y diputadas nacionales\u00a0Marcos Cleri, Magal\u00ed Mastaler, Roberto Mirabella, Alejandra Obeid\u00a0y\u00a0Eduardo Toniolli.<\/p>\n<h6>Fuente: Sin Mordaza<\/h6>\n","protected":false},"excerpt":{"rendered":"<p>Para Germ\u00e1n Bacarella, secretario de \u00c1reas Metropolitanas del gobierno santafesino, \u00abhacen falta inversiones que sigan generando beneficios concretos para nuestra gente\u201d.\u00a0<\/p>\n","protected":false},"author":2,"featured_media":123213,"comment_status":"closed","ping_status":"closed","sticky":false,"template":"","format":"standard","meta":{"footnotes":""},"categories":[2],"tags":[10],"class_list":["post-123212","post","type-post","status-publish","format-standard","has-post-thumbnail","hentry","category-informe-municipal","tag-santa-fe"],"_links":{"self":[{"href":"http:\/\/argentinamunicipal.com.ar\/argentina\/wp-json\/wp\/v2\/posts\/123212","targetHints":{"allow":["GET"]}}],"collection":[{"href":"http:\/\/argentinamunicipal.com.ar\/argentina\/wp-json\/wp\/v2\/posts"}],"about":[{"href":"http:\/\/argentinamunicipal.com.ar\/argentina\/wp-json\/wp\/v2\/types\/post"}],"author":[{"embeddable":true,"href":"http:\/\/argentinamunicipal.com.ar\/argentina\/wp-json\/wp\/v2\/users\/2"}],"replies":[{"embeddable":true,"href":"http:\/\/argentinamunicipal.com.ar\/argentina\/wp-json\/wp\/v2\/comments?post=123212"}],"version-history":[{"count":0,"href":"http:\/\/argentinamunicipal.com.ar\/argentina\/wp-json\/wp\/v2\/posts\/123212\/revisions"}],"wp:featuredmedia":[{"embeddable":true,"href":"http:\/\/argentinamunicipal.com.ar\/argentina\/wp-json\/wp\/v2\/media\/123213"}],"wp:attachment":[{"href":"http:\/\/argentinamunicipal.com.ar\/argentina\/wp-json\/wp\/v2\/media?parent=123212"}],"wp:term":[{"taxonomy":"category","embeddable":true,"href":"http:\/\/argentinamunicipal.com.ar\/argentina\/wp-json\/wp\/v2\/categories?post=123212"},{"taxonomy":"post_tag","embeddable":true,"href":"http:\/\/argentinamunicipal.com.ar\/argentina\/wp-json\/wp\/v2\/tags?post=123212"}],"curies":[{"name":"wp","href":"https:\/\/api.w.org\/{rel}","templated":true}]}}