{"id":123223,"date":"2022-02-18T06:17:12","date_gmt":"2022-02-18T09:17:12","guid":{"rendered":"http:\/\/argentinamunicipal.com.ar\/argentina\/?p=123223"},"modified":"2022-02-18T06:17:12","modified_gmt":"2022-02-18T09:17:12","slug":"la-cosecha-en-mendoza-se-vera-afectada-por-la-falta-de-mano-de-obra-para-levantar-la-uva","status":"publish","type":"post","link":"http:\/\/argentinamunicipal.com.ar\/argentina\/la-cosecha-en-mendoza-se-vera-afectada-por-la-falta-de-mano-de-obra-para-levantar-la-uva\/","title":{"rendered":"La cosecha en Mendoza se ver\u00e1 afectada por la falta de mano de obra para levantar la uva"},"content":{"rendered":"<p>Este a\u00f1o habr\u00e1 entre un 30% y 40% menos de cosechadores por diversas razones: creencia de que les quitar\u00e1n los planes sociales, vienen menos trabajadores desde el Norte y el precio del tacho, entre otras<\/p>\n<p>La\u00a0cosecha de uva\u00a0para esta temporada en\u00a0Mendoza\u00a0no viene bien. Al anuncio del Instituto Nacional de Vitivinicultura (INV) que estim\u00f3 que por las heladas y el granizo\u00a0se reducir\u00e1 el 14%,\u00a0se suma la falta de\u00a0cosechadores\u00a0, que es un fen\u00f3meno tan real como multicausal y que desde distintos sectores coinciden en que esa reducci\u00f3n de mano de obra ser\u00e1 de entre el 30% y 40%.<\/p>\n<p>Ese porcentaje es un c\u00e1lculo estimado pero resulta dif\u00edcil de traducirlo en n\u00fameros reales porque a\u00f1o a a\u00f1o var\u00eda y depende de las necesidades de cada establecimiento o bodega que contrata a los trabajadores.<\/p>\n<p>Una de las razones, por muchos apuntadas como principal, es que pese a que el Gobierno dispuso hace tiempo que\u00a0los beneficiarios de planes sociales pueden acceder tranquilamente a este tipo de trabajos temporarios\u00a0sin que por ello sufran la quita total o parcial de esos programas de ANSES, muchos descreen de que sea as\u00ed.<\/p>\n<p>Otro de los motivos es que este a\u00f1o son muchos menos los que llegan desde el Norte del pa\u00eds, especialmente desde Jujuy y Tucum\u00e1n que son las provincias que siempre proveen gran cantidad de cosechadores a la zona Cuyo. La mayor\u00eda ha preferido quedarse por temor a que les suceda lo que pas\u00f3 en 2021 cuando muchos quedaron varados en Mendoza por la pandemia y sufrieron inumerables y serios problemas, desde no tener qu\u00e9 comer y d\u00f3nde pernoctar hasta la incertidumbre de no saber cu\u00e1ndo podr\u00edan regresar a sus lugares de or\u00edgenes.<\/p>\n<p>El precio del tacho de uva y el poco apego de los mendocinos a esta tarea tambi\u00e9n forman parte del combo que provoca la falta de cosechadores para 2022.<\/p>\n<p><strong>La desconfianza de los cosechadores<\/strong><br \/>\nDesde el Sindicato de Obreros y Empleados Vitivin\u00edcolas (SOEVA) el secretario gremial, Juan Aguirre, explic\u00f3 en Radio Nihuil que \u00abpese a la decisi\u00f3n del Gobierno, ampliamente difundida, de que nadie va a perder su plan social por trabajar en la cosecha, hay mucha gente que no lo cree\u00bb.<\/p>\n<p>\u00abTampoco vienen -sum\u00f3- porque nos le conviene lo que se paga por tacho de uva que es entre $60 y $70. Sacan cuentas y ven que no vale la pena hacerse el viaje, que muchas veces se lo tienen que pagar ellos mismos, para despu\u00e9s volverse sin nada\u00bb.<\/p>\n<p>Aguirre a\u00f1adi\u00f3 que\u00a0\u00abtambi\u00e9n est\u00e1n los que quedaron con miedo el a\u00f1o pasado por el tema Covid. La pasaron muy mal y entonces ahora lo piensan dos veces antes de decidirse a venir\u00bb.<\/p>\n<p>Finalmente el dirigente consider\u00f3 que \u00abantes llegaba la cosecha y era una fiesta para las familias, pero la realidad es que el joven mendocino no sabe cosechar y es muy poca la mano de obra en Mendoza.\u00a0El \u00fanico que cosecha es el que vive en la finca, el empleado permanente, que trata de que sus hijos o estudien o hagan otra cosa\u00bb.<\/p>\n<p><strong>Piden campa\u00f1a de informaci\u00f3n<\/strong><br \/>\nPor eso de que muchos no creen que van a conservar sus planes sociales, desde el\u00a0Centro de Vi\u00f1ateros y Bodegeros del Este\u00a0realizaron un pedido especial al Ministerio de Trabajo de la Naci\u00f3n con el fin de que se difunda en una campa\u00f1a sobre los beneficios que no se perder\u00e1n a quienes accedan a inscribirse en puestos en blanco durante la cosecha.<\/p>\n<p>Mauro Sosa, director ejecutivo de esa entidad, pidi\u00f3 en una nota difundida por medios del Valle de Uco una campa\u00f1a\u00a0de difusi\u00f3n en que se comuniquen los alcances del decreto \u201cque establece que aquellas personas que sean contratadas bajo las modalidades de trabajo temporario o trabajo permanente discontinuo en el \u00e1mbito rural no perder\u00e1n los beneficios de los planes y programas sociales.\u00a0Es decir, llevar tranquilidad a los trabajadores vi\u00f1ateros\u00bb.<\/p>\n<p>Las heladas, el granizo, las peses y la falta de cosechadores<br \/>\nEduardo C\u00f3rdoba, presidente de la Asociaci\u00f3n de Vi\u00f1ateros, coincidi\u00f3 en que\u00a0\u00abfaltan cosechadores.\u00a0Llega el momento de la cosecha y uno se entusiasma, pero lamentablemente nos afectan las heladas, el granizo, las pestes y ahora la falta de mano de obra, sobre todo para las zonas m\u00e1s alejadas\u00bb.<\/p>\n<p>\u00abNo es porque est\u00e9n mal pagos -se diferenci\u00f3 del representante de SOEVA- pero la verdad es que cuesta conseguir cosechadores a pesar de que pueden hacer entre $3.000 y $4.000 por d\u00eda. Los cuadrilleros van por las barriadas con sus camionetas y no encuentran muchachos que se sumen\u00bb.<\/p>\n<p>En cambio, cont\u00f3:\u00a0\u00abSe ve m\u00e1s participaci\u00f3n de las mujeres. Las mendocinas son muy guapas para este trabajo\u00bb.<\/p>\n<p><strong>\u00abPoca uva y poca gente\u00bb<\/strong><br \/>\nMabel Gonz\u00e1lez, peque\u00f1a productora mendocina, tambi\u00e9n fue entrevistada en radio Nihuil. \u00abLa cosecha viene bastante mal en varios sentidos -coment\u00f3- porque hay poca uva y poca gente\u00bb.<\/p>\n<p>\u00abEs verdad que hay gente que no cree que la dejar\u00e1n sin su plan social si es blanqueada en la cosecha y tambi\u00e9n que ha venido poca gente del Norte\u00bb, a\u00f1adi\u00f3.<\/p>\n<h6>Fuente: Uno<\/h6>\n","protected":false},"excerpt":{"rendered":"<p>Este a\u00f1o habr\u00e1 entre un 30% y 40% menos de cosechadores por diversas razones: creencia de que les quitar\u00e1n los planes sociales, vienen menos trabajadores desde el Norte y el precio del tacho, entre otras<\/p>\n","protected":false},"author":2,"featured_media":123224,"comment_status":"closed","ping_status":"closed","sticky":false,"template":"","format":"standard","meta":{"footnotes":""},"categories":[65],"tags":[31],"class_list":["post-123223","post","type-post","status-publish","format-standard","has-post-thumbnail","hentry","category-provincias","tag-mendoza"],"_links":{"self":[{"href":"http:\/\/argentinamunicipal.com.ar\/argentina\/wp-json\/wp\/v2\/posts\/123223","targetHints":{"allow":["GET"]}}],"collection":[{"href":"http:\/\/argentinamunicipal.com.ar\/argentina\/wp-json\/wp\/v2\/posts"}],"about":[{"href":"http:\/\/argentinamunicipal.com.ar\/argentina\/wp-json\/wp\/v2\/types\/post"}],"author":[{"embeddable":true,"href":"http:\/\/argentinamunicipal.com.ar\/argentina\/wp-json\/wp\/v2\/users\/2"}],"replies":[{"embeddable":true,"href":"http:\/\/argentinamunicipal.com.ar\/argentina\/wp-json\/wp\/v2\/comments?post=123223"}],"version-history":[{"count":0,"href":"http:\/\/argentinamunicipal.com.ar\/argentina\/wp-json\/wp\/v2\/posts\/123223\/revisions"}],"wp:featuredmedia":[{"embeddable":true,"href":"http:\/\/argentinamunicipal.com.ar\/argentina\/wp-json\/wp\/v2\/media\/123224"}],"wp:attachment":[{"href":"http:\/\/argentinamunicipal.com.ar\/argentina\/wp-json\/wp\/v2\/media?parent=123223"}],"wp:term":[{"taxonomy":"category","embeddable":true,"href":"http:\/\/argentinamunicipal.com.ar\/argentina\/wp-json\/wp\/v2\/categories?post=123223"},{"taxonomy":"post_tag","embeddable":true,"href":"http:\/\/argentinamunicipal.com.ar\/argentina\/wp-json\/wp\/v2\/tags?post=123223"}],"curies":[{"name":"wp","href":"https:\/\/api.w.org\/{rel}","templated":true}]}}