{"id":123255,"date":"2022-02-21T06:26:52","date_gmt":"2022-02-21T09:26:52","guid":{"rendered":"http:\/\/argentinamunicipal.com.ar\/argentina\/?p=123255"},"modified":"2022-02-21T06:26:52","modified_gmt":"2022-02-21T09:26:52","slug":"las-decisiones-del-gobierno-potencian-el-crecimiento-de-las-ciudades-industriales","status":"publish","type":"post","link":"http:\/\/argentinamunicipal.com.ar\/argentina\/las-decisiones-del-gobierno-potencian-el-crecimiento-de-las-ciudades-industriales\/","title":{"rendered":"\u00abLas decisiones del gobierno potencian el crecimiento de las ciudades industriales\u00bb"},"content":{"rendered":"<p>El intendente de Las Parejas, Horacio Compagnucci, explic\u00f3 el fen\u00f3meno que ubica a su ciudad en el \u00abtop ten\u00bb de las que m\u00e1s empleo registraron en los \u00faltimos dos a\u00f1os.<\/p>\n<p>\u201cLas decisiones de los gobiernos\u00a0nacional\u00a0y provincial potencian a las ciudades industriales\u201d, consider\u00f3 el intendente de\u00a0Las Parejas, Horacio\u00a0Compagnucci, para explicar el \u00edndice que se public\u00f3 hace pocos d\u00edas y que\u00a0ubica a la ciudad del departamento Belgrano en el d\u00e9cimo lugar de crecimiento del empleo a nivel nacional y primera en Santa Fe\u00a0entre 2019 y 2021. Este r\u00e1nking, difundido por el director del Centro de Estudios para la Producci\u00f3n CEP XXI, Daniel Schteingart apunta a la miner\u00eda, la agroindustria, la producci\u00f3n agropecuaria, la fabricaci\u00f3n de maquinaria agr\u00edcola y la construcci\u00f3n como las actividades que m\u00e1s traccionaron en las 10 ciudades del pa\u00eds donde m\u00e1s creci\u00f3 el empleo registrado privado en los \u00faltimos dos a\u00f1os.<\/p>\n<p>Consultado acerca de c\u00f3mo se vivi\u00f3 la novedad en Las Parejas, Compagnucci indic\u00f3 que \u201clo recibimos con mucha alegr\u00eda, con un orgullo muy grande. Hace poco tiempo el titular de la Uni\u00f3n Industrial Joven, Tom\u00e1s Karagozian, hizo un informe desde Estados Unidos y puso como ejemplo a Las Parejas y poco despu\u00e9s sali\u00f3 este informe que realmente nos llena de orgullo\u201d.<\/p>\n<p>\u201cHay muchos factores que tienen que ver con esto\u201d, afirm\u00f3 y detall\u00f3 que \u201cprimero hay que resaltar la decisi\u00f3n pol\u00edtica del gobierno nacional desde el Ministerio de Producci\u00f3n y Desarrollo Econ\u00f3mico para proteger a la industria nacional y las importaciones para que nuestras empresas sean competitivas y que todos tengan un mercado, sobre todo el interno, protegido de las grandes empresas multinacionales. Eso hace que la industria metalmec\u00e1nica haya crecido much\u00edsimo y que nosotros estemos en una \u00e9poca que, seg\u00fan nuestro parecer y el de los industriales, es hist\u00f3rica\u201d.<\/p>\n<p>Luego, el titular del municipio parejense precis\u00f3 que los picos de producci\u00f3n registrados a nivel de la industria metalmec\u00e1nica en los \u00faltimos a\u00f1os \u201cson r\u00e9cord en Las Parejas y en la regi\u00f3n. El rubro de las metalmec\u00e1nica relacionado a la producci\u00f3n de la maquinaria agr\u00edcola aparece como el m\u00e1s importante pero, adem\u00e1s, se destacan otros vinculados a la construcci\u00f3n y a la producci\u00f3n de partes para la industria de la miner\u00eda, petr\u00f3leo, ferrocarriles y automotrices. Tambi\u00e9n el pl\u00e1stico tiene un particular desarrollo en la producci\u00f3n de las maquinarias agr\u00edcolas que en su integridad conforman el boom que se est\u00e1 dando en estos tiempos\u201d.<\/p>\n<p><strong>Proceso migratorio<\/strong><br \/>\nCompagnucci cont\u00f3 que en Las Parejas se da un fen\u00f3meno relacionado a los \u00edndices de crecimiento que refleja el estudio difundido. \u201cVivimos uno de los procesos migratorios m\u00e1s importante de la historia de la ciudad protagonizado por personas y familias del litoral santafesino, de las provincias mesopot\u00e1micas y del noreste del pa\u00eds. Pero, adem\u00e1s, de algunos pa\u00edses de Latinoam\u00e9rica. Aqu\u00ed se asent\u00f3 una colectividad paraguaya muy importante que tiene que ver m\u00e1s con la construcci\u00f3n que con la maquinaria agr\u00edcola. Tambi\u00e9n hay venezolanos, colombianos, chilenos y procedentes de algunos pa\u00edses de Africa\u201d, cont\u00f3.<\/p>\n<p>A\u00f1adi\u00f3 que \u201ceste fen\u00f3meno, que se dio fundamentalmente el a\u00f1o pasado, se refleja en la Municipalidad a donde acude la gente para ver si hay existencia de viviendas para alquilar, algo que escasea actualmente\u201d.<\/p>\n<p>En ese sentido, Compagnucci record\u00f3 que para contrarrestar esa demanda, en marzo comenzar\u00e1 la construcci\u00f3n de 139 viviendas en conjunto entre el municipio y la Uni\u00f3n Obrera Metal\u00fargica. \u201cEstamos adem\u00e1s negociando con titulares de tierras para evaluar si podemos concretar alg\u00fan nuevo loteo municipal para disponer al menos de unos 200 lotes que se pondr\u00e1n a disposici\u00f3n de la gente que lo necesita oferta de viviendas y terrenos para paliar el d\u00e9ficit y la gran demanda que hacen que hoy no haya una pieza para alquilar en toda la ciudad\u201d, detall\u00f3.<\/p>\n<p>\u201cLa vara est\u00e1 alta. Eso nos impone nuevos y lindos objetivos y proyectos. Es feo cuando la puerta del municipio se golpea porque no hay trabajo por el cierre de las f\u00e1bricas. Ac\u00e1 estamos hablando de otra coyuntura y trabajamos arduamente para acompa\u00f1ar todo este proceso. En los \u00faltimos 15 a\u00f1os la ciudad de Las Parejas vivi\u00f3 un proceso de expansi\u00f3n muy importante que nos pone bien, pero que tambi\u00e9n nos plantea una alerta porque tiene sus consecuencias a la hora de acompa\u00f1ar con infraestructura y servicios porque requiere de todo nuestro esfuerzo\u201d, consider\u00f3 y a\u00f1adi\u00f3 que \u201cgolpeamos constantemente las puertas del gobierno nacional y del provincial. Somos muy bien atendidos en los distintos ministerios y, fundamentalmente, siempre obtenemos respuestas. Esto se observa por la fuerte presencia que hay en la ciudad tanto de la provincia como de la Naci\u00f3n, no solamente con obras sino tambi\u00e9n con numerosos organismos y programas que est\u00e1n a disposici\u00f3n\u201d.<\/p>\n<p>Como ejemplo, Compagnucci mencion\u00f3 la reciente inauguraci\u00f3n de una delegaci\u00f3n nacional de Ans\u00e9s y la recategorizaci\u00f3n del Samco local por parte del gobierno provincial aumentando el nivel de complejidad con sala de terapia y maternidad.<\/p>\n<p>\u201cCreo que este a\u00f1o ser\u00e1 similar al pasado en materia de crecimiento. Ser\u00e1 muy bueno y si contin\u00faan las pol\u00edticas de protecci\u00f3n a la industria y cuidado de las importaciones se reflejar\u00e1n en todas las ciudades industriales\u201d, concluy\u00f3 Compagnucci.<\/p>\n<p><strong>Mejoras en un parque industrial venadense<\/strong><\/p>\n<p>Con el objetivo de conocer el avance de las obras que se est\u00e1n desarrollando para poner en valor el Parque Industrial La Victoria de Venado Tuerto, funcionarios de la Secretar\u00eda de Industria del Ministerio de Producci\u00f3n, Ciencia y Tecnolog\u00eda recorrieron el predio donde se est\u00e1n pavimentando 600 metros de calles internas con un aporte no reintegrable del gobierno provincial superior a los siete millones de pesos.<\/p>\n<p>De la actividad participaron el secretario de Industria, Claudio Mossuz; el subsecretario de Fortalecimiento Industrial, Iv\u00e1n Piascik; el presidente de la Asociaci\u00f3n que administra el parque, Jorge Alvarez, y el referente del \u00e1rea, Mart\u00edn Bonadeo.<\/p>\n<p>\u201cNos reunimos con las autoridades del parque con el objetivo de recorrer las calles pavimentadas, obra que se concret\u00f3 a partir de un aporte superior a los siete millones de pesos. Se trata de un hecho in\u00e9dito ya que, si bien este espacio industrial tiene una gesti\u00f3n privada, decidimos realizar este aporte teniendo en cuenta el impacto que genera sobre el sector industrial de Santa Fe y la regi\u00f3n\u201d, explic\u00f3 Mossuz.<\/p>\n<p>\u201cEsta obra \u2014a\u00f1adi\u00f3\u2014 les significa poder culminar un proyecto tan importante como es el asfaltado de todas las calles dentro de este parque industrial, esencial para poder potenciar el sector productivo\u201d.<\/p>\n<p>Por su parte, Jorge Alvarez precis\u00f3 que \u201cel aporte provincial fue de 7,2 millones y la inversi\u00f3n total de 15 millones, ya que la diferencia es aporte propio de la Cooperativa de Parques Industriales en Venado Tuerto (Copain)\u201d.<\/p>\n<p>Asimismo, se\u00f1al\u00f3 que \u201clas obras que posibilitaron la inversi\u00f3n son el movimiento de suelo y el hormigonado de calles internas, as\u00ed como el alumbrado de las mismas\u201d, para finalmente indicar que \u201cestas mejoras beneficiar\u00e1n a 64 industrias que tiene el parque en producci\u00f3n y cinco que est\u00e1n en proceso de radicaci\u00f3n\u201d.<\/p>\n<h6>Fuente: La Capital<\/h6>\n","protected":false},"excerpt":{"rendered":"<p>El intendente de Las Parejas, Horacio Compagnucci, explic\u00f3 el fen\u00f3meno que ubica a su ciudad en el \u00abtop ten\u00bb de las que m\u00e1s empleo registraron en los \u00faltimos dos a\u00f1os.<\/p>\n","protected":false},"author":2,"featured_media":123256,"comment_status":"closed","ping_status":"closed","sticky":false,"template":"","format":"standard","meta":{"footnotes":""},"categories":[2],"tags":[10],"class_list":["post-123255","post","type-post","status-publish","format-standard","has-post-thumbnail","hentry","category-informe-municipal","tag-santa-fe"],"_links":{"self":[{"href":"http:\/\/argentinamunicipal.com.ar\/argentina\/wp-json\/wp\/v2\/posts\/123255","targetHints":{"allow":["GET"]}}],"collection":[{"href":"http:\/\/argentinamunicipal.com.ar\/argentina\/wp-json\/wp\/v2\/posts"}],"about":[{"href":"http:\/\/argentinamunicipal.com.ar\/argentina\/wp-json\/wp\/v2\/types\/post"}],"author":[{"embeddable":true,"href":"http:\/\/argentinamunicipal.com.ar\/argentina\/wp-json\/wp\/v2\/users\/2"}],"replies":[{"embeddable":true,"href":"http:\/\/argentinamunicipal.com.ar\/argentina\/wp-json\/wp\/v2\/comments?post=123255"}],"version-history":[{"count":0,"href":"http:\/\/argentinamunicipal.com.ar\/argentina\/wp-json\/wp\/v2\/posts\/123255\/revisions"}],"wp:featuredmedia":[{"embeddable":true,"href":"http:\/\/argentinamunicipal.com.ar\/argentina\/wp-json\/wp\/v2\/media\/123256"}],"wp:attachment":[{"href":"http:\/\/argentinamunicipal.com.ar\/argentina\/wp-json\/wp\/v2\/media?parent=123255"}],"wp:term":[{"taxonomy":"category","embeddable":true,"href":"http:\/\/argentinamunicipal.com.ar\/argentina\/wp-json\/wp\/v2\/categories?post=123255"},{"taxonomy":"post_tag","embeddable":true,"href":"http:\/\/argentinamunicipal.com.ar\/argentina\/wp-json\/wp\/v2\/tags?post=123255"}],"curies":[{"name":"wp","href":"https:\/\/api.w.org\/{rel}","templated":true}]}}