{"id":123295,"date":"2022-02-22T05:24:40","date_gmt":"2022-02-22T08:24:40","guid":{"rendered":"http:\/\/argentinamunicipal.com.ar\/argentina\/?p=123295"},"modified":"2022-02-21T21:28:19","modified_gmt":"2022-02-22T00:28:19","slug":"arsat-construira-una-estacion-terrena-en-mendoza","status":"publish","type":"post","link":"http:\/\/argentinamunicipal.com.ar\/argentina\/arsat-construira-una-estacion-terrena-en-mendoza\/","title":{"rendered":"Arsat construir\u00e1 una estaci\u00f3n terrena en Mendoza"},"content":{"rendered":"<p>El gobierno de Mendoza firm\u00f3 un convenio con Arsat para la construcci\u00f3n de una estaci\u00f3n terrena, que contar\u00e1 con una inversi\u00f3n que supera los 10 millones de d\u00f3lares y permitir\u00e1 que la provincia se posicione como referente nacional en materia de telecomunicaciones.<\/p>\n<p>La estaci\u00f3n se ubicar\u00e1 en el predio del Parque de Servicios e Industrias Palmira (Pasip), en el departamento de San Mart\u00edn, unos 40 kil\u00f3metros al este de la capital provincial. Este proyecto se encuentra dentro del plan nacional de telecomunicaciones Argentina Conectada.<\/p>\n<p>Es una estaci\u00f3n terrena que actuar\u00e1 como \u00abespejo\u00bb y respaldar\u00e1 a la que funciona en la localidad bonaerense de Benav\u00eddez y es parte del desarrollo del futuro sat\u00e9lite Arsat SG1, el tercero de la empresa de telecomunicaciones del Estado Nacional.<\/p>\n<p>Actualmente en la ETB (Estaci\u00f3n Terrena Benav\u00eddez) se controla y monitorea de forma permanente el estatus y las prestaciones de los sat\u00e9lites Arsat 1 y 2. Tambi\u00e9n se encuentra el NOC (Network Operations Center) de la red federal de fibra \u00f3ptica y el Centro Nacional de Datos m\u00e1s grande del pa\u00eds.<\/p>\n<p>\u201cEs una inversi\u00f3n importante por su monto y el trabajo que demandar\u00e1, por la notable mejora en la conectividad del parque industrial y de toda la zona y por todo lo que pueda desarrollarse a partir de esto a trav\u00e9s de programas y capacitaciones en habilidades tecnol\u00f3gicas que lleva adelante la provincia\u201d, explic\u00f3 el ministro de Econom\u00eda y Energ\u00eda mendocino, Enrique Vaqui\u00e9.<\/p>\n<p>Las obras implican la colocaci\u00f3n de ocho antenas al lado del parque solar de Palmira, y el edificio satelital complementar\u00e1 al Pasip.<\/p>\n<p>Mendoza pondr\u00e1 las dos hect\u00e1reas necesarias para el proyecto y convertir a Palmira en un polo atractivo para empresas de servicios vinculadas a la econom\u00eda del conocimiento.<\/p>\n<p>\u201cEl convenio es de gran importancia para el desarrollo tecnol\u00f3gico de nuestra provincia\u201d, agreg\u00f3 Alejandro Zlotolow, subsecretario de Industria y Comercio provincial, y remarc\u00f3 que \u201cel nuevo sat\u00e9lite ofrecer\u00e1 una amplia gama de servicios de telecomunicaciones como transmisi\u00f3n de datos, internet y televisi\u00f3n. La estaci\u00f3n que se instalar\u00e1 al lado del parque solar realizar\u00e1 control de los sat\u00e9lites ARSAT 1 y 2\u201d.<\/p>\n<p>Arsat prev\u00e9 invertir m\u00e1s de 10 millones de d\u00f3lares en este proyecto, y desde la cartera econ\u00f3mica provincial se adelant\u00f3 que la misma originar\u00e1 empleo \u201ccon alto desarrollo de capacitaci\u00f3n para t\u00e9cnicos e ingenieros, mejorar\u00e1 toda la conectividad del predio, y ser\u00e1 m\u00e1s atractivo para las inversiones tecnol\u00f3gicas\u201d.<\/p>\n<h6>Fuente: P\u00e1gina 12<\/h6>\n","protected":false},"excerpt":{"rendered":"<p>El gobierno de Mendoza firm\u00f3 un convenio con Arsat para la construcci\u00f3n de una estaci\u00f3n terrena, que contar\u00e1 con una inversi\u00f3n que supera los 10 millones de d\u00f3lares y permitir\u00e1 que la provincia se posicione como referente nacional en materia de telecomunicaciones.<\/p>\n","protected":false},"author":2,"featured_media":123296,"comment_status":"closed","ping_status":"closed","sticky":false,"template":"","format":"standard","meta":{"footnotes":""},"categories":[65],"tags":[31],"class_list":["post-123295","post","type-post","status-publish","format-standard","has-post-thumbnail","hentry","category-provincias","tag-mendoza"],"_links":{"self":[{"href":"http:\/\/argentinamunicipal.com.ar\/argentina\/wp-json\/wp\/v2\/posts\/123295","targetHints":{"allow":["GET"]}}],"collection":[{"href":"http:\/\/argentinamunicipal.com.ar\/argentina\/wp-json\/wp\/v2\/posts"}],"about":[{"href":"http:\/\/argentinamunicipal.com.ar\/argentina\/wp-json\/wp\/v2\/types\/post"}],"author":[{"embeddable":true,"href":"http:\/\/argentinamunicipal.com.ar\/argentina\/wp-json\/wp\/v2\/users\/2"}],"replies":[{"embeddable":true,"href":"http:\/\/argentinamunicipal.com.ar\/argentina\/wp-json\/wp\/v2\/comments?post=123295"}],"version-history":[{"count":0,"href":"http:\/\/argentinamunicipal.com.ar\/argentina\/wp-json\/wp\/v2\/posts\/123295\/revisions"}],"wp:featuredmedia":[{"embeddable":true,"href":"http:\/\/argentinamunicipal.com.ar\/argentina\/wp-json\/wp\/v2\/media\/123296"}],"wp:attachment":[{"href":"http:\/\/argentinamunicipal.com.ar\/argentina\/wp-json\/wp\/v2\/media?parent=123295"}],"wp:term":[{"taxonomy":"category","embeddable":true,"href":"http:\/\/argentinamunicipal.com.ar\/argentina\/wp-json\/wp\/v2\/categories?post=123295"},{"taxonomy":"post_tag","embeddable":true,"href":"http:\/\/argentinamunicipal.com.ar\/argentina\/wp-json\/wp\/v2\/tags?post=123295"}],"curies":[{"name":"wp","href":"https:\/\/api.w.org\/{rel}","templated":true}]}}