{"id":123340,"date":"2022-02-23T05:25:02","date_gmt":"2022-02-23T08:25:02","guid":{"rendered":"http:\/\/argentinamunicipal.com.ar\/argentina\/?p=123340"},"modified":"2022-02-22T20:28:16","modified_gmt":"2022-02-22T23:28:16","slug":"colectivos-el-intendente-de-rosario-dijo-que-desde-el-2-de-marzo-habra-mas-frecuencias","status":"publish","type":"post","link":"http:\/\/argentinamunicipal.com.ar\/argentina\/colectivos-el-intendente-de-rosario-dijo-que-desde-el-2-de-marzo-habra-mas-frecuencias\/","title":{"rendered":"Colectivos: El intendente de Rosario dijo que desde el 2 de marzo habr\u00e1 m\u00e1s frecuencias"},"content":{"rendered":"<p>Javkin anunci\u00f3 que desde el lunes se refuerzan las frecuencias en el transporte urbano de pasajeros: se suman 140 colectivos.<\/p>\n<p>El intendente\u00a0Pablo Javkin\u00a0anunci\u00f3 este martes que a partir del mi\u00e9rcoles de la pr\u00f3xima semana se incorporar\u00e1n al sistema del\u00a0transporte urbano de pasajeros\u00a0-con preminencia de las 10 l\u00edneas m\u00e1s usadas por los rosarinos-\u00a0140\u00a0colectivos,\u00a0con los que la\u00a0frecuencia\u00a0de los mismos sufrir\u00e1 una considerable mejora. Con esta medida, el tiempo m\u00e1ximo de espera de un \u00f3mnibus ser\u00e1 de aproximadamente 14 minutos.<\/p>\n<p>El titular del Palacio de los Leones recorri\u00f3 los trabajos de reparaci\u00f3n de calles que se realiza en calle San Luis y, desde la Plaza Sarmiento, coment\u00f3 a los periodistas presentes que se est\u00e1 trabajando en el refuerzo del hormig\u00f3n, sobre todo en zonas de paradas del transporte urbano. En ese sentido,\u00a0Javkin\u00a0se\u00f1al\u00f3 que \u00ablo bueno es que\u00a0a partir de este trabajo vamos a poder reforzar las unidades del transporte urbano de pasajeros. La pandemia provoc\u00f3 una situaci\u00f3n de crisis en el transporte y eso implic\u00f3 una serie de medidas de emergencia que afectaron al servicio. D\u00edas atr\u00e1s lo escuch\u00e1bamos al secretario de la UTA (Sergio Copello) diciendo que hab\u00eda por lo menos 100 unidades menos en el sistema-. Por eso quiero anunciar que\u00a0desde el mi\u00e9rcoles 2 de marzo se sumar\u00e1n 140 unidades al servicio\u00bb.<\/p>\n<p>El intendente resalt\u00f3 que se pens\u00f3 en el\u00a0aumento de frecuencia\u00a0\u00aben las 10 l\u00edneas m\u00e1s usadas, aunque esa suba se dar\u00e1 en todas las l\u00edneas. Adem\u00e1s,\u00a0ponemos de nuevo en marcha la Ronda CUR-Sur, que une la Ciudad Universitaria con el sudoeste rosarino porque vuelven las clases en la Universidad\u00bb.<\/p>\n<p>De acuerdo a lo detallado por el municipio, los recorridos que m\u00e1s se beneficiar\u00e1n con estos refuerzos son los de las l\u00edneas 115 (pasar\u00e1 de una frecuencia de 22 minutos a una de 7\u2019), 101 (de 18 a 11), la 143N 136 137 (de 22 a 14 minutos), la 112 (de 15 a 11) y la 122 Verde que bajar\u00e1 de 10 minutos de demora a 7 minutos.<\/p>\n<p>\u00abPospandemia lo primero que hab\u00eda que hacer era prepara las calles de mayor circulaci\u00f3n para que soporten (a las unidades del transporte urbano de pasajeros). Esto nos permitir\u00e1 incrementar la cantidad de l\u00edneas de transporte que pasan por esta zona y vamos a llegar a 606 unidades en el sistema (integrado por las empresas Movi, Rosario Bus y El Cacique).<\/p>\n<p>A su turno, la secretaria de Movilidad del municipio, Eva Jokanovich, detall\u00f3 que en el esquema del transporte urbano de pasajeros \u00abla empresa El Cacique posee el 25% del sistema, Rosario Bus el 45% y el resto de las l\u00edneas las maneja Movi. En cuanto a las frecuencias, el incremento es similar en todas las empresas. De acuerdo a lo informado, las 10 empresas m\u00e1s empleadas van a tener menos de 10 minutos de frecuencia y el sistema completo va a tener un intervalo promedio de 14 minutos\u00bb.<\/p>\n<p>En cuanto al horario nocturno, la funcionaria destac\u00f3 que \u00abdesde el municipio indicaron que se est\u00e1 evaluando las frecuencias en los horarios diurnos, y el ingreso y egreso escolar -a partir del inicio de clases- y el ciclo lectivo en la Universidad Nacional de Rosario. Las l\u00edneas de la UNR funcionan con una frecuencia diferente a la noche porque hay cursado nocturno. Pero el sistema se va adecuando a la demanda. Por ejemplo los fines de semana las frecuencias son mejores a la noche que los d\u00edas de la semana. pero siempre recomendamos que, a partir de las 22 o 23 horas, se consulte el horario de paso de colectivos porque all\u00ed las frecuencias son m\u00e1s espaciadas. La frecuencia promedio en horario diurno es de 14 minutos\u00bb<\/p>\n<p>Tambi\u00e9n Javkin anunci\u00f3 que\u00a0desde las pr\u00f3ximas semanas se ir\u00e1 modificando el sistema de consulta del Cu\u00e1ndo llega \u00abcon la intenci\u00f3n de que sea ajustado en tiempo real. Esa fue una queja que muchos usuarios nos plantearon\u00bb.<\/p>\n<h6>Fuente: La Capital<\/h6>\n","protected":false},"excerpt":{"rendered":"<p>Javkin anunci\u00f3 que desde el lunes se refuerzan las frecuencias en el transporte urbano de pasajeros: se suman 140 colectivos.\u00a0<\/p>\n","protected":false},"author":2,"featured_media":123341,"comment_status":"closed","ping_status":"closed","sticky":false,"template":"","format":"standard","meta":{"footnotes":""},"categories":[2],"tags":[10],"class_list":["post-123340","post","type-post","status-publish","format-standard","has-post-thumbnail","hentry","category-informe-municipal","tag-santa-fe"],"_links":{"self":[{"href":"http:\/\/argentinamunicipal.com.ar\/argentina\/wp-json\/wp\/v2\/posts\/123340","targetHints":{"allow":["GET"]}}],"collection":[{"href":"http:\/\/argentinamunicipal.com.ar\/argentina\/wp-json\/wp\/v2\/posts"}],"about":[{"href":"http:\/\/argentinamunicipal.com.ar\/argentina\/wp-json\/wp\/v2\/types\/post"}],"author":[{"embeddable":true,"href":"http:\/\/argentinamunicipal.com.ar\/argentina\/wp-json\/wp\/v2\/users\/2"}],"replies":[{"embeddable":true,"href":"http:\/\/argentinamunicipal.com.ar\/argentina\/wp-json\/wp\/v2\/comments?post=123340"}],"version-history":[{"count":0,"href":"http:\/\/argentinamunicipal.com.ar\/argentina\/wp-json\/wp\/v2\/posts\/123340\/revisions"}],"wp:featuredmedia":[{"embeddable":true,"href":"http:\/\/argentinamunicipal.com.ar\/argentina\/wp-json\/wp\/v2\/media\/123341"}],"wp:attachment":[{"href":"http:\/\/argentinamunicipal.com.ar\/argentina\/wp-json\/wp\/v2\/media?parent=123340"}],"wp:term":[{"taxonomy":"category","embeddable":true,"href":"http:\/\/argentinamunicipal.com.ar\/argentina\/wp-json\/wp\/v2\/categories?post=123340"},{"taxonomy":"post_tag","embeddable":true,"href":"http:\/\/argentinamunicipal.com.ar\/argentina\/wp-json\/wp\/v2\/tags?post=123340"}],"curies":[{"name":"wp","href":"https:\/\/api.w.org\/{rel}","templated":true}]}}