{"id":123363,"date":"2022-02-23T06:30:35","date_gmt":"2022-02-23T09:30:35","guid":{"rendered":"http:\/\/argentinamunicipal.com.ar\/argentina\/?p=123363"},"modified":"2022-02-23T06:30:35","modified_gmt":"2022-02-23T09:30:35","slug":"mendoza-continua-siendo-la-provincia-cuyana-con-mas-desocupacion","status":"publish","type":"post","link":"http:\/\/argentinamunicipal.com.ar\/argentina\/mendoza-continua-siendo-la-provincia-cuyana-con-mas-desocupacion\/","title":{"rendered":"Mendoza contin\u00faa siendo la provincia cuyana con m\u00e1s desocupaci\u00f3n"},"content":{"rendered":"<p>A pesar de la recuperaci\u00f3n en la actividad econ\u00f3mica tras la cuarentena, el porcentaje de desocupados y subocupados sigue siendo preocupante. Cifras del INDEC<\/p>\n<p>El Instituto Nacional de Estad\u00edsticas y Censos (INDEC) dio a conocer este martes los resultados de la Encuesta Permanente de Hogares (EPH) en zonas urbanas. Y entre los resultados se destaca que Mendoza sigue siendo la provincia con el porcentaje m\u00e1s alto de desocupaci\u00f3n de Cuyo, a pesar de la incipiente reactivaci\u00f3n econ\u00f3mica.<\/p>\n<p>El flamante informe t\u00e9cnico muestra c\u00f3mo se comportaron las tasas de actividad, empleo y desocupaci\u00f3n en las localidades con m\u00e1s de 2.000 habitantes de la Argentina entre los terceros trimestres de 2018, 2019, 2020 y 2021.<\/p>\n<p>As\u00ed, se verifica que en el tercer trimestre del a\u00f1o pasado,\u00a0la desocupaci\u00f3n alcanz\u00f3 en Mendoza al 8,1% de la poblaci\u00f3n activa, en lo que representa\u00a0una baja de 0,8%\u00a0respecto a mismo periodo de 2020.<\/p>\n<p>Sin embargo, eso no alcanza para mejorar la posici\u00f3n de los mendocinos respecto a\u00a0San Juan\u00a0o\u00a0San Luis, ya que estas provincias muestran tasas de desocupaci\u00f3n de\u00a05% y 3,5% respectivamente, es decir varios puntos por debajo.<\/p>\n<p>La tendencia se viene confirmando en los \u00faltimos a\u00f1os y, para algunos analistas, tiene que ver con el agotamiento de la\u00a0matriz productiva\u00a0mendocina.<\/p>\n<p><strong>La desocupaci\u00f3n en datos<\/strong><br \/>\nLos datos sobre las zonas urbanas de Mendoza llaman la atenci\u00f3n porque, de acuerdo con la muestra analizada por el organismo que conduce\u00a0Marco Lavagna, las tasas de actividad econ\u00f3mica se encuentran actualmente\u00a0casi al nivel de 2019, es decir, muy cerca de los registros prepandemia.<\/p>\n<p>En ese sentido,\u00a0la recuperaci\u00f3n de empleo que muestra San Juan es notoria: en el final de 2020, ten\u00eda una tasa de desocupaci\u00f3n del 6,3%. En un a\u00f1o, la provincia vecina\u00a0logr\u00f3 bajar ese \u00edndice\u00a0en 1,3%,frente a s\u00f3lo el 0,8% de baja que consigui\u00f3 Mendoza.<\/p>\n<p>Y la\u00a0subocupaci\u00f3n\u00a0-es decir la gente que est\u00e1 trabajando\u00a0menos de 35 horas semanales\u00a0por causas involuntarias y estar\u00eda dispuesta a trabajar m\u00e1s- es otro desaf\u00edo.<\/p>\n<p>En el tercer trimestre del 2021, los subocupados en las \u00e1reas urbanas de Mendoza eran el 15,5%\u00a0de la poblaci\u00f3n activa, mientras en San Juan comprend\u00edan el 15% y en San Luis el 11,3%.<\/p>\n<h6>Fuente: UNo<\/h6>\n","protected":false},"excerpt":{"rendered":"<p>A pesar de la recuperaci\u00f3n en la actividad econ\u00f3mica tras la cuarentena, el porcentaje de desocupados y subocupados sigue siendo preocupante. Cifras del INDEC<\/p>\n","protected":false},"author":2,"featured_media":123364,"comment_status":"closed","ping_status":"closed","sticky":false,"template":"","format":"standard","meta":{"footnotes":""},"categories":[5],"tags":[31],"class_list":["post-123363","post","type-post","status-publish","format-standard","has-post-thumbnail","hentry","category-informe-economico","tag-mendoza"],"_links":{"self":[{"href":"http:\/\/argentinamunicipal.com.ar\/argentina\/wp-json\/wp\/v2\/posts\/123363","targetHints":{"allow":["GET"]}}],"collection":[{"href":"http:\/\/argentinamunicipal.com.ar\/argentina\/wp-json\/wp\/v2\/posts"}],"about":[{"href":"http:\/\/argentinamunicipal.com.ar\/argentina\/wp-json\/wp\/v2\/types\/post"}],"author":[{"embeddable":true,"href":"http:\/\/argentinamunicipal.com.ar\/argentina\/wp-json\/wp\/v2\/users\/2"}],"replies":[{"embeddable":true,"href":"http:\/\/argentinamunicipal.com.ar\/argentina\/wp-json\/wp\/v2\/comments?post=123363"}],"version-history":[{"count":0,"href":"http:\/\/argentinamunicipal.com.ar\/argentina\/wp-json\/wp\/v2\/posts\/123363\/revisions"}],"wp:featuredmedia":[{"embeddable":true,"href":"http:\/\/argentinamunicipal.com.ar\/argentina\/wp-json\/wp\/v2\/media\/123364"}],"wp:attachment":[{"href":"http:\/\/argentinamunicipal.com.ar\/argentina\/wp-json\/wp\/v2\/media?parent=123363"}],"wp:term":[{"taxonomy":"category","embeddable":true,"href":"http:\/\/argentinamunicipal.com.ar\/argentina\/wp-json\/wp\/v2\/categories?post=123363"},{"taxonomy":"post_tag","embeddable":true,"href":"http:\/\/argentinamunicipal.com.ar\/argentina\/wp-json\/wp\/v2\/tags?post=123363"}],"curies":[{"name":"wp","href":"https:\/\/api.w.org\/{rel}","templated":true}]}}