{"id":1234,"date":"2014-02-16T19:29:41","date_gmt":"2014-02-16T22:29:41","guid":{"rendered":"http:\/\/argentinamunicipal.com.ar\/argentina\/?p=1234"},"modified":"2014-02-16T19:29:41","modified_gmt":"2014-02-16T22:29:41","slug":"aumento-de-la-ayuda-escolar-a-municipales-de-rawson","status":"publish","type":"post","link":"http:\/\/argentinamunicipal.com.ar\/argentina\/aumento-de-la-ayuda-escolar-a-municipales-de-rawson\/","title":{"rendered":"Aumento de la ayuda escolar a municipales de Rawson"},"content":{"rendered":"<div id=\"attachment_1235\" style=\"width: 610px\" class=\"wp-caption aligncenter\"><a href=\"http:\/\/argentinamunicipal.com.ar\/argentina\/wp-content\/uploads\/2014\/02\/muni.jpg\"><img loading=\"lazy\" decoding=\"async\" aria-describedby=\"caption-attachment-1235\" class=\"size-full wp-image-1235\" alt=\"Edificio Municipal de la Ciudad de Rawson\" src=\"http:\/\/argentinamunicipal.com.ar\/argentina\/wp-content\/uploads\/2014\/02\/muni.jpg\" width=\"600\" height=\"399\" srcset=\"http:\/\/argentinamunicipal.com.ar\/argentina\/wp-content\/uploads\/2014\/02\/muni.jpg 600w, http:\/\/argentinamunicipal.com.ar\/argentina\/wp-content\/uploads\/2014\/02\/muni-300x199.jpg 300w\" sizes=\"auto, (max-width: 600px) 100vw, 600px\" \/><\/a><p id=\"caption-attachment-1235\" class=\"wp-caption-text\">Edificio Municipal de la Ciudad de Rawson<\/p><\/div>\n<p>Haci\u00e9ndose eco de un pedido realizado d\u00edas atr\u00e1s por el EMA (Empleados Municipales Agremiados), la Intendenta Rossana Artero anunci\u00f3 el aumento de la asignaci\u00f3n por ayuda escolar para los trabajadores municipales, equiparando con lo otorgado por el gobierno nacional. Los empleados percibir\u00e1n 850 pesos por ese concepto a fines del mes de febrero. A mediados de marzo se inician las paritarias.<\/p>\n<p>La noticia le fue transmitida a la titular del gremio municipal EMA, Mar\u00eda Laura Nievas, por la propia Intendenta Rossana Artero y la Secretaria de Hacienda, Mariana Barraza. La dirigente gremial agradeci\u00f3 el esfuerzo econ\u00f3mico del municipio y el entendimiento de la Intendenta para responder positivamente a la solicitud.<\/p>\n<h2>De $ 550 a $ 850<\/h2>\n<p>Artero detall\u00f3 que \u201cvamos a dar un aumento en la ayuda escolar que era de $ 550 y va a pasar a 850 en concordancia con lo que se otorg\u00f3 a nivel nacional\u201d.<\/p>\n<p>A\u00f1adi\u00f3 que esta decisi\u00f3n va a tener alcance \u201ca 402 hijos de trabajadores municipales y significa un esfuerzo importante pasando de los 221 mil pesos que se abonaron el a\u00f1o pasado, a 361.500 con el aumento\u201d.<\/p>\n<p>La Intendenta manifest\u00f3 \u201csiempre estamos muy ajustados y nos gustar\u00eda que los empleados municipales cobren un sueldo mejor, por eso nos esforzamos para tratar de que est\u00e9n mejor y trabajando en mejores condiciones. Creemos que esta es una medida importante para que los pap\u00e1s puedan tener una ayuda econ\u00f3mica para el inicio del ciclo escolar. Este aumento se va a cobrar antes del comienzo de clases, y la idea es que sea a fines de febrero\u201d.<\/p>\n<h2>Respuesta r\u00e1pida y favorable<\/h2>\n<p>La Secretaria General del EMA explic\u00f3 que \u201cel 11 de febrero presentamos la nota con el pedido solicitando equiparar el \u00edtem de ayuda escolar de acuerdo a lo anunciado por la Presidenta de la naci\u00f3n y hemos tenido una respuesta r\u00e1pida y favorable, donde la asignaci\u00f3n va a pasar de 550 a 850 pesos. Si bien con el aumento de precios que ha habido en la canasta escolar, siempre vamos un poquito atr\u00e1s, es importante la suma y agradezco la rapidez con que se han hecho los n\u00fameros y se ha contestado de parte de la Intendenta, siendo este municipio el primero que ha dado respuesta favorable a la equiparaci\u00f3n con naci\u00f3n\u201d.<\/p>\n<h2>Paritarias en marzo<\/h2>\n<p>Consultada sobre el comienzo de las paritarias, Mar\u00eda Laura Nievas confirm\u00f3 \u201chemos conversado sobre la convocatoria y el inicio de la paritaria para este 2014, y la Intendenta nos ha anunciado tambi\u00e9n que a mediados de marzo se va a comenzar la negociaci\u00f3n con los gremios\u201d.<\/p>\n<p>Nievas se refiri\u00f3 a la cuesti\u00f3n salarial que se abordar\u00e1 en paritarias \u201cnosotros obviamente necesitamos un aumento al b\u00e1sico porque est\u00e1 muy bajo en todas las categor\u00edas, y vamos a solicitar un incremento con un piso de un 22 a un 25% y tambi\u00e9n vamos a presentar la iniciativa de incorporar sumas fijas al b\u00e1sico que tambi\u00e9n significan un incremento\u201d.<\/p>\n<h6>Fuente: Diario Jornada<\/h6>\n","protected":false},"excerpt":{"rendered":"<p>Haci\u00e9ndose eco de un pedido realizado d\u00edas atr\u00e1s por el EMA (Empleados Municipales Agremiados), la Intendenta Rossana Artero anunci\u00f3 el aumento de la asignaci\u00f3n por ayuda escolar para los trabajadores municipales, equiparando con lo otorgado por el gobierno nacional. Los empleados percibir\u00e1n 850 pesos por ese concepto a fines del mes de febrero. A mediados<\/p>\n","protected":false},"author":1,"featured_media":1235,"comment_status":"closed","ping_status":"closed","sticky":false,"template":"","format":"standard","meta":{"footnotes":""},"categories":[7],"tags":[14],"class_list":["post-1234","post","type-post","status-publish","format-standard","has-post-thumbnail","hentry","category-informe-sindical","tag-chubut"],"_links":{"self":[{"href":"http:\/\/argentinamunicipal.com.ar\/argentina\/wp-json\/wp\/v2\/posts\/1234","targetHints":{"allow":["GET"]}}],"collection":[{"href":"http:\/\/argentinamunicipal.com.ar\/argentina\/wp-json\/wp\/v2\/posts"}],"about":[{"href":"http:\/\/argentinamunicipal.com.ar\/argentina\/wp-json\/wp\/v2\/types\/post"}],"author":[{"embeddable":true,"href":"http:\/\/argentinamunicipal.com.ar\/argentina\/wp-json\/wp\/v2\/users\/1"}],"replies":[{"embeddable":true,"href":"http:\/\/argentinamunicipal.com.ar\/argentina\/wp-json\/wp\/v2\/comments?post=1234"}],"version-history":[{"count":0,"href":"http:\/\/argentinamunicipal.com.ar\/argentina\/wp-json\/wp\/v2\/posts\/1234\/revisions"}],"wp:featuredmedia":[{"embeddable":true,"href":"http:\/\/argentinamunicipal.com.ar\/argentina\/wp-json\/wp\/v2\/media\/1235"}],"wp:attachment":[{"href":"http:\/\/argentinamunicipal.com.ar\/argentina\/wp-json\/wp\/v2\/media?parent=1234"}],"wp:term":[{"taxonomy":"category","embeddable":true,"href":"http:\/\/argentinamunicipal.com.ar\/argentina\/wp-json\/wp\/v2\/categories?post=1234"},{"taxonomy":"post_tag","embeddable":true,"href":"http:\/\/argentinamunicipal.com.ar\/argentina\/wp-json\/wp\/v2\/tags?post=1234"}],"curies":[{"name":"wp","href":"https:\/\/api.w.org\/{rel}","templated":true}]}}