{"id":123410,"date":"2022-02-24T06:23:11","date_gmt":"2022-02-24T09:23:11","guid":{"rendered":"http:\/\/argentinamunicipal.com.ar\/argentina\/?p=123410"},"modified":"2022-02-24T06:23:11","modified_gmt":"2022-02-24T09:23:11","slug":"mendoza-ya-celebra-la-vendimia-una-semana-federal-con-propuestas-populares","status":"publish","type":"post","link":"http:\/\/argentinamunicipal.com.ar\/argentina\/mendoza-ya-celebra-la-vendimia-una-semana-federal-con-propuestas-populares\/","title":{"rendered":"Mendoza ya celebra la Vendimia: una Semana Federal con propuestas populares"},"content":{"rendered":"<p>A la espera de la Fiesta Nacional, que retomar\u00e1 la presencialidad con aforo completo el primer fin de semana de marzo, se realiza una variada grilla de festejos en los que cada departamento tiene la oportunidad de compartir sus costumbres, la calidad de sus artistas y tradiciones.<\/p>\n<p>La denominada Semana Federal, con propuestas musicales, gastron\u00f3micas, culturales y tur\u00edsticas de cada uno de los rincones mendocinos, dio inicio a\u00a0una serie continuada de festejos por la llegada del vino nuevo a la provincia, que culminar\u00e1n el primer fin de semana de marzo con la Fiesta Nacional de la Vendimia, que retomar\u00e1 de manera presencial y con aforo completo.<\/p>\n<p>Desde el Ministerio de Turismo y Cultura destacaron que \u00abVendimia avanza con el 100% de presencialidad, m\u00e1s de 500 artistas en diversos escenarios, y\u00a0una ocupaci\u00f3n que se prev\u00e9 ser\u00e1 plena para los primeros d\u00edas de marzo, dado que ya a mediados de febrero era del 80% \u00absobre todo en la zona metropolitana, donde se desarrollan los principales actos vendimiales\u00bb.<\/p>\n<p>Por su parte, desde el Observatorio Tur\u00edstico adelantaron que estos n\u00fameros se van a consolidar en un mayor porcentaje, ya que los turistas eligen su viaje cada vez m\u00e1s cerca de la fecha elegida y seguramente colmar\u00e1n el 100% de ocupaci\u00f3n en las 30.000 plazas registradas que hay en zona de capital y regiones cercanas.<\/p>\n<p>A lo largo del parque Central capitalino, y a pesar de la lluvia que oblig\u00f3 a retrasar el inicio del evento, se ubicaron los stands de cada municipio, que durante la semana ofrecer\u00e1n\u00a0kermeses, juegos de competencia, capacitaciones de gastronom\u00eda tradicional mendocina, clases de baile, charlas\u00a0sobre el cuidado del medio ambiente, degustaci\u00f3n de frutas, verduras, cata de vinos y decenas de actividades.<\/p>\n<p><strong>La grilla de la Semana Federal<\/strong><\/p>\n<p>En la Semana Federal, organizada por el Ministerio de Cultura y Turismo, cada departamento tiene la oportunidad de compartir sus costumbres, la calidad de sus artistas y tradiciones.<\/p>\n<p>Por su parte, el viernes 25, en la Plaza Independencia, se desarrollar\u00e1\u00a0\u00abVino al Vino\u00bb, la vendimia de la capital de los mendocinos.<\/p>\n<p>\u00abEsta es una grilla muy esperada y muy trabajada, ya que despu\u00e9s de muchos meses y de pasar un nuevo pico de la pandemia, hoy podemos decir bienvenidos\u00bb, expres\u00f3 el martes por la noche durante la presentaci\u00f3n la ministra de Turismo, Nora Vicario.<\/p>\n<p>Dentro de la grilla vendimial se suma la\u00a0&#8216;Mega degustaci\u00f3n Vendimia&#8217;, que se llevar\u00e1 a cabo los d\u00edas 25, 26 y 27 de febrero en la avenida Sarmiento, que contar\u00e1 con la participaci\u00f3n de m\u00e1s de 40 bodegas, en lo que ser\u00e1 una celebraci\u00f3n al aire libre, con m\u00fasica y espect\u00e1culos en vivo.<\/p>\n<p>El domingo 27, a las 21, se realizar\u00e1 la tradicional Bendici\u00f3n de los Frutos en el Prado Gaucho, en el marco de los 125 a\u00f1os del Parque San Mart\u00edn y, adem\u00e1s de la ceremonia ecum\u00e9nica, se desplegar\u00e1 una gran puesta con m\u00fasicos, cantantes, coreutas, actores, actrices, bailarinas y bailarines de la provincia.<\/p>\n<p>En tanto el mi\u00e9rcoles 2, a las 22, en el Vi\u00f1edo del Aeropuerto habr\u00e1 una nueva edici\u00f3n de la\u00a0Fiesta de la Cosecha, que organiza el Fondo Vitivin\u00edcola junto a Las Heras.<\/p>\n<p>Actuar\u00e1 la Orquesta Filarm\u00f3nica de Mendoza e importantes artistas invitados, como David Leb\u00f3n, quien compartir\u00e1 versiones sinf\u00f3nicas de sus temas, y la Orquesta Filarm\u00f3nica de la provincia que actuar\u00e1 bajo la direcci\u00f3n del Maestro Luis Gorelik.<\/p>\n<p>Vicario destac\u00f3 que m\u00e1s de 500 artistas locales, convocados por el Ministerio, adem\u00e1s de los 1.050 que actuar\u00e1n en todo el calendario vendimial, se suman a la agenda de esta importante \u00e9poca del a\u00f1o.<\/p>\n<p>En tanto, el viernes 4, tambi\u00e9n desde las 22, se desarrollar\u00e1, por las calles de la Ciudad de Mendoza el\u00a0tradicional desfile de la V\u00eda Blanca, con las representantes vendimiales de cada uno de los 18 departamentos que competir\u00e1n por el cetro nacional.<\/p>\n<p>El s\u00e1bado 5, a las 10, comenzar\u00e1 el m\u00e1s popular de los festejos vendimiales:\u00a0&#8216;el Carrusel&#8217;, otro desfile de carros con sus Reinas departamentales lleno de color, m\u00fasica y tradici\u00f3n.<\/p>\n<p>Foto: Ramiro G\u00f3mez<\/p>\n<p>A las 22, en el Teatro Griego Frank Romero Day, ser\u00e1 el Acto Central,\u00a0\u00abMilagro del vino nuevo\u00bb, una puesta con 750 artistas en escena bajo la direcci\u00f3n de Vilma R\u00fapolo y Federico Ortega.<\/p>\n<p>Tras la\u00a0elecci\u00f3n y coronaci\u00f3n de la Reina y Virreina Nacional de la Vendimia 2022, se realizar\u00e1 en la explanada del edificio de Cultura la tradicional Serenata a las Reinas, con las actuaciones de artistas mendocinos, en un homenaje a la mujer.<\/p>\n<p>El domingo 6, tambi\u00e9n desde las 22, llegar\u00e1 el turno de la\u00a0Segunda Noche, con la repetici\u00f3n de Milagro del vino nuevo y espect\u00e1culos musicales con artistas mendocinos e invitados nacionales con cierre de Abel Pintos, mientras que para el cierre de la\u00a0Tercera Noche\u00a0se contar\u00e1 con la presencia de Nicki Nicole.<\/p>\n<h6>Fuente: Telam<\/h6>\n","protected":false},"excerpt":{"rendered":"<p>A la espera de la Fiesta Nacional, que retomar\u00e1 la presencialidad con aforo completo el primer fin de semana de marzo, se realiza una variada grilla de festejos en los que cada departamento tiene la oportunidad de compartir sus costumbres, la calidad de sus artistas y tradiciones.<\/p>\n","protected":false},"author":2,"featured_media":123411,"comment_status":"closed","ping_status":"closed","sticky":false,"template":"","format":"standard","meta":{"footnotes":""},"categories":[47],"tags":[31],"class_list":["post-123410","post","type-post","status-publish","format-standard","has-post-thumbnail","hentry","category-fiestas","tag-mendoza"],"_links":{"self":[{"href":"http:\/\/argentinamunicipal.com.ar\/argentina\/wp-json\/wp\/v2\/posts\/123410","targetHints":{"allow":["GET"]}}],"collection":[{"href":"http:\/\/argentinamunicipal.com.ar\/argentina\/wp-json\/wp\/v2\/posts"}],"about":[{"href":"http:\/\/argentinamunicipal.com.ar\/argentina\/wp-json\/wp\/v2\/types\/post"}],"author":[{"embeddable":true,"href":"http:\/\/argentinamunicipal.com.ar\/argentina\/wp-json\/wp\/v2\/users\/2"}],"replies":[{"embeddable":true,"href":"http:\/\/argentinamunicipal.com.ar\/argentina\/wp-json\/wp\/v2\/comments?post=123410"}],"version-history":[{"count":0,"href":"http:\/\/argentinamunicipal.com.ar\/argentina\/wp-json\/wp\/v2\/posts\/123410\/revisions"}],"wp:featuredmedia":[{"embeddable":true,"href":"http:\/\/argentinamunicipal.com.ar\/argentina\/wp-json\/wp\/v2\/media\/123411"}],"wp:attachment":[{"href":"http:\/\/argentinamunicipal.com.ar\/argentina\/wp-json\/wp\/v2\/media?parent=123410"}],"wp:term":[{"taxonomy":"category","embeddable":true,"href":"http:\/\/argentinamunicipal.com.ar\/argentina\/wp-json\/wp\/v2\/categories?post=123410"},{"taxonomy":"post_tag","embeddable":true,"href":"http:\/\/argentinamunicipal.com.ar\/argentina\/wp-json\/wp\/v2\/tags?post=123410"}],"curies":[{"name":"wp","href":"https:\/\/api.w.org\/{rel}","templated":true}]}}