{"id":123509,"date":"2022-03-01T20:28:40","date_gmt":"2022-03-01T23:28:40","guid":{"rendered":"http:\/\/argentinamunicipal.com.ar\/argentina\/?p=123509"},"modified":"2022-03-01T20:28:40","modified_gmt":"2022-03-01T23:28:40","slug":"fiesta-de-la-vendimia-2022","status":"publish","type":"post","link":"http:\/\/argentinamunicipal.com.ar\/argentina\/fiesta-de-la-vendimia-2022\/","title":{"rendered":"FIESTA DE LA VENDIMIA 2022"},"content":{"rendered":"<p>La\u00a0Fiesta Nacional de la Vendimia\u00a0(Mendoza) es una tradicional fiesta que se lleva a cabo anualmente en la Teatro Griego de la Ciudad de Mendoza (C\u00f3rdoba, Argentina).<\/p>\n<p>A\u00f1o tras a\u00f1o, en el mes de marzo, la Provincia de Mendoza celebra la culminaci\u00f3n de la cosecha y brinda por el \u00abvino nuevo\u00bb.<\/p>\n<p>\u00bfCu\u00e1ndo es la Fiesta de la Vendimia 2022?<br \/>\nLa edici\u00f3n 2022 de la tradicional\u00a0Fiesta de la Vendimia de Mendoza\u00a0se llevar\u00e1 a cabo del viernes 4 al lunes 7 de marzo de 2022.<\/p>\n<p>El\u00a0viernes 4 de marzo, por la noche, por las calles de la Ciudad de Mendoza, se desarrollar\u00e1 una nueva edici\u00f3n de la\u00a0V\u00eda Blanca de las Reinas.<\/p>\n<p>El\u00a0s\u00e1bado 5 de marzo\u00a0por la noche, se celebrar\u00e1 la fiesta mayor de los mendocinos, el\u00a0Acto Central\u00a0de la Fiesta Nacional de la Vendimia 2022, que tendr\u00e1 lugar en el Teatro Griego Frank Romero Day de Mendoza, ubicado en el Parque General San Mart\u00edn. Adem\u00e1s, el mismo d\u00eda, s\u00e1bado 5 por la ma\u00f1ana, por las calles de la capital mendocina, se podr\u00e1 disfrutar del ic\u00f3nico desfile\u00a0El Carrusel, el m\u00e1s popular de los eventos vendimiales.<\/p>\n<p>El\u00a0domingo 6\u00a0y el\u00a0lunes 7 de marzo\u00a0se llevar\u00e1n a cabo la la Segunda y Tercera noche de la Fiesta, con la repetici\u00f3n de la puesta ganadora y espect\u00e1culos musicales, adem\u00e1s de reconocidos artistas de Mendoza, Argentina y el mundo.<\/p>\n<p>(*) Es importante destacar que la Fiesta Nacional de la Vendimia incluye en su calendario diferentes celebraciones, que en este a\u00f1o comenzar\u00e1n con la\u00a0Bendici\u00f3n de los Frutos, que tendr\u00e1 lugar el domingo 27 de febrero a las 21 hs., en el Prado Gaucho, en el marco de los festejos de los 125 a\u00f1os del Parque General San Mart\u00edn.<\/p>\n<h6>Fuente: festivalvillamaria.com<\/h6>\n","protected":false},"excerpt":{"rendered":"<p>A\u00f1o tras a\u00f1o, en el mes de marzo, la Provincia de Mendoza celebra la culminaci\u00f3n de la cosecha y brinda por el \u00abvino nuevo\u00bb.<\/p>\n","protected":false},"author":2,"featured_media":123510,"comment_status":"closed","ping_status":"closed","sticky":false,"template":"","format":"standard","meta":{"footnotes":""},"categories":[47],"tags":[31],"class_list":["post-123509","post","type-post","status-publish","format-standard","has-post-thumbnail","hentry","category-fiestas","tag-mendoza"],"_links":{"self":[{"href":"http:\/\/argentinamunicipal.com.ar\/argentina\/wp-json\/wp\/v2\/posts\/123509","targetHints":{"allow":["GET"]}}],"collection":[{"href":"http:\/\/argentinamunicipal.com.ar\/argentina\/wp-json\/wp\/v2\/posts"}],"about":[{"href":"http:\/\/argentinamunicipal.com.ar\/argentina\/wp-json\/wp\/v2\/types\/post"}],"author":[{"embeddable":true,"href":"http:\/\/argentinamunicipal.com.ar\/argentina\/wp-json\/wp\/v2\/users\/2"}],"replies":[{"embeddable":true,"href":"http:\/\/argentinamunicipal.com.ar\/argentina\/wp-json\/wp\/v2\/comments?post=123509"}],"version-history":[{"count":0,"href":"http:\/\/argentinamunicipal.com.ar\/argentina\/wp-json\/wp\/v2\/posts\/123509\/revisions"}],"wp:featuredmedia":[{"embeddable":true,"href":"http:\/\/argentinamunicipal.com.ar\/argentina\/wp-json\/wp\/v2\/media\/123510"}],"wp:attachment":[{"href":"http:\/\/argentinamunicipal.com.ar\/argentina\/wp-json\/wp\/v2\/media?parent=123509"}],"wp:term":[{"taxonomy":"category","embeddable":true,"href":"http:\/\/argentinamunicipal.com.ar\/argentina\/wp-json\/wp\/v2\/categories?post=123509"},{"taxonomy":"post_tag","embeddable":true,"href":"http:\/\/argentinamunicipal.com.ar\/argentina\/wp-json\/wp\/v2\/tags?post=123509"}],"curies":[{"name":"wp","href":"https:\/\/api.w.org\/{rel}","templated":true}]}}