{"id":123521,"date":"2022-03-02T05:13:20","date_gmt":"2022-03-02T08:13:20","guid":{"rendered":"http:\/\/argentinamunicipal.com.ar\/argentina\/?p=123521"},"modified":"2022-03-01T21:15:32","modified_gmt":"2022-03-02T00:15:32","slug":"advirtieron-que-la-mitad-de-los-camiones-de-basura-de-rosario-estan-obsoletos","status":"publish","type":"post","link":"http:\/\/argentinamunicipal.com.ar\/argentina\/advirtieron-que-la-mitad-de-los-camiones-de-basura-de-rosario-estan-obsoletos\/","title":{"rendered":"Advirtieron que la mitad de los camiones de basura de Rosario est\u00e1n obsoletos"},"content":{"rendered":"<p>A mitad de a\u00f1o vence la pr\u00f3rroga del contrato.<\/p>\n<p>M\u00e1s del 50% de la flota de camiones est\u00e1 obsoleta, y adem\u00e1s los carritos barrenderos deben cambiarse en un 100%\u201d, manifest\u00f3 Marcelo Andrada, titular del sindicato de Recolectores, y agreg\u00f3 que como gremio necesitan saber, \u201cen qu\u00e9 condiciones los trabajadores van a estar en la pr\u00f3xima licitaci\u00f3n o en tiempo que contin\u00fae la prorroga\u201d.<\/p>\n<p>En ese sentido, el gremialista indic\u00f3 con preocupaci\u00f3n, que \u201cesta situaci\u00f3n afecta el normal desempe\u00f1o de unos 1100 trabajadores\u201d, que totalizan la planta, sumando todas las empresas que hoy explotar el servicio en la ciudad.\u00a0\u201cNo podemos seguir en las mismas condiciones\u201d, advirti\u00f3 el titular de los Recolectores, agregando que, \u201ccomo lo concejales pedir\u00e1n un informe al Ejecutivo, nosotros vamos a hacer lo mismo, para ver si se avanza en una nueva pr\u00f3rroga o no\u201d, manifest\u00f3.<\/p>\n<p>Tambi\u00e9n adelant\u00f3 de que en el caso que se analice una nueva pr\u00f3rroga, contar\u00e1 con el apoyo sindical pero poniendo el ojo sobre las condiciones que van a quedar las unidades (camiones recolectores).\u00a0\u201cMuchos camiones ya tiene muchos a\u00f1os y los nuevos lamentablemente con el uso cotidiano que realizan no van m\u00e1s\u201d,\u00a0indic\u00f3.<\/p>\n<p>\u201cSi dan la pr\u00f3rroga como se advierte, queremos saber por cuanto y si van a renovar la flota o como seguimos\u201d, reclam\u00f3 Andrada. En dicha sinton\u00eda, el sindicalista local fue claro al precisar que, \u201cno se podr\u00e1 seguir en una pr\u00f3rroga donde la empresas no inviertan y los trabajadores no tengan a punto la herramientas de trabajo\u201d.<\/p>\n<p>Recordemos que desde la \u00faltima licitaci\u00f3n, el sistema adjudicado est\u00e1 dividido en tres: la zona norte se le entreg\u00f3 a LimpAr, Uni\u00f3n Transitoria de Empresas conformada por las firmas Vega y Caputo; la zona sur a Lime del grupo Pescarmona y la recolecci\u00f3n del centro, avenidas y Fonavi qued\u00f3 en manos de la empresa municipal Sumar.<\/p>\n<h6>Fuente: Sin Mordaza<\/h6>\n","protected":false},"excerpt":{"rendered":"<p>A mitad de a\u00f1o vence la pr\u00f3rroga del contrato.<\/p>\n","protected":false},"author":2,"featured_media":123523,"comment_status":"closed","ping_status":"closed","sticky":false,"template":"","format":"standard","meta":{"footnotes":""},"categories":[2],"tags":[10],"class_list":["post-123521","post","type-post","status-publish","format-standard","has-post-thumbnail","hentry","category-informe-municipal","tag-santa-fe"],"_links":{"self":[{"href":"http:\/\/argentinamunicipal.com.ar\/argentina\/wp-json\/wp\/v2\/posts\/123521","targetHints":{"allow":["GET"]}}],"collection":[{"href":"http:\/\/argentinamunicipal.com.ar\/argentina\/wp-json\/wp\/v2\/posts"}],"about":[{"href":"http:\/\/argentinamunicipal.com.ar\/argentina\/wp-json\/wp\/v2\/types\/post"}],"author":[{"embeddable":true,"href":"http:\/\/argentinamunicipal.com.ar\/argentina\/wp-json\/wp\/v2\/users\/2"}],"replies":[{"embeddable":true,"href":"http:\/\/argentinamunicipal.com.ar\/argentina\/wp-json\/wp\/v2\/comments?post=123521"}],"version-history":[{"count":0,"href":"http:\/\/argentinamunicipal.com.ar\/argentina\/wp-json\/wp\/v2\/posts\/123521\/revisions"}],"wp:featuredmedia":[{"embeddable":true,"href":"http:\/\/argentinamunicipal.com.ar\/argentina\/wp-json\/wp\/v2\/media\/123523"}],"wp:attachment":[{"href":"http:\/\/argentinamunicipal.com.ar\/argentina\/wp-json\/wp\/v2\/media?parent=123521"}],"wp:term":[{"taxonomy":"category","embeddable":true,"href":"http:\/\/argentinamunicipal.com.ar\/argentina\/wp-json\/wp\/v2\/categories?post=123521"},{"taxonomy":"post_tag","embeddable":true,"href":"http:\/\/argentinamunicipal.com.ar\/argentina\/wp-json\/wp\/v2\/tags?post=123521"}],"curies":[{"name":"wp","href":"https:\/\/api.w.org\/{rel}","templated":true}]}}