{"id":123577,"date":"2022-03-04T04:54:31","date_gmt":"2022-03-04T07:54:31","guid":{"rendered":"http:\/\/argentinamunicipal.com.ar\/argentina\/?p=123577"},"modified":"2022-03-03T20:00:05","modified_gmt":"2022-03-03T23:00:05","slug":"los-empleados-municipales-de-san-rafael-tendran-un-aumento-salarial-del-50","status":"publish","type":"post","link":"http:\/\/argentinamunicipal.com.ar\/argentina\/los-empleados-municipales-de-san-rafael-tendran-un-aumento-salarial-del-50\/","title":{"rendered":"Los empleados municipales de San Rafael tendr\u00e1n un aumento salarial del 50%"},"content":{"rendered":"<p>El objetivo del acuerdo, adem\u00e1s de alcanzar el 50%, fue ejecutar dicho incremento en un plazo no mayor a 5 meses y con una primera cuota alta para que un mayor impacto en los ingresos<\/p>\n<p>El secretario de Hacienda del Municipio de San Rafael, Marcelo G\u00f3mez, oficializ\u00f3 este jueves el incremento salarial que percibir\u00e1n los empleados municipales\u00a0en los pr\u00f3ximos meses.\u00a0La suba ser\u00e1 del 50%\u00a0y fue suscripta por el Ejecutivo Municipal y representantes del Gremio del Personal Municipal.<\/p>\n<p>La recomposici\u00f3n salarial constar\u00e1 de tres cuotas: la primera del 35% a pagar en marzo, la segunda del 5% se abonar\u00e1 en mayo y la tercera y \u00faltima del 10% ser\u00e1 ejecutada en julio.<\/p>\n<p>El objetivo del acuerdo, adem\u00e1s de alcanzar el 50 por ciento, fue ejecutar dicho incremento en un plazo no mayor a 5 meses y con una primera cuota alta para que un mayor impacto en los ingresos de trabajadores y trabajadoras.<\/p>\n<p>\u201cEste acuerdo significa un esfuerzo muy importante para el Municipio y a su vez es consecuencia de una administraci\u00f3n ordenada y saneada, lo que nos permite reconocer la labor del personal, pilar fundamental en esta transformaci\u00f3n que viene protagonizando San Rafael en estos a\u00f1os\u201d, remarc\u00f3 G\u00f3mez.<\/p>\n<p>El titular de Hacienda destac\u00f3 adem\u00e1s que \u00abpr\u00e1cticamente en el primer semestre quedar\u00e1 liquidado un 50 por ciento de aumento para avanzar por encima de la inflaci\u00f3n\u00bb.<\/p>\n<p>A su turno, el titular del Gremio del Personal Municipal, Gabriel Ravino, expres\u00f3 que \u00abestamos muy contentos con este aumento, as\u00ed lo manifestamos en la reuni\u00f3n de delegados, donde todos estuvimos de acuerdo. La consideramos una recomposici\u00f3n necesaria para la familia municipal, por lo que agradecemos la buena predisposici\u00f3n del intendente Emir F\u00e9lix\u00bb.<\/p>\n<p>Del anuncio tambi\u00e9n participaron los secretarios de Gobierno, Nahuel Arscone y el de Obras P\u00fablicas, Roberto Pe\u00f1a.<\/p>\n<h6>Fuente: Uno<\/h6>\n","protected":false},"excerpt":{"rendered":"<p>El objetivo del acuerdo, adem\u00e1s de alcanzar el 50%, fue ejecutar dicho incremento en un plazo no mayor a 5 meses y con una primera cuota alta para que un mayor impacto en los ingresos<\/p>\n","protected":false},"author":2,"featured_media":123578,"comment_status":"closed","ping_status":"closed","sticky":false,"template":"","format":"standard","meta":{"footnotes":""},"categories":[7],"tags":[31],"class_list":["post-123577","post","type-post","status-publish","format-standard","has-post-thumbnail","hentry","category-informe-sindical","tag-mendoza"],"_links":{"self":[{"href":"http:\/\/argentinamunicipal.com.ar\/argentina\/wp-json\/wp\/v2\/posts\/123577","targetHints":{"allow":["GET"]}}],"collection":[{"href":"http:\/\/argentinamunicipal.com.ar\/argentina\/wp-json\/wp\/v2\/posts"}],"about":[{"href":"http:\/\/argentinamunicipal.com.ar\/argentina\/wp-json\/wp\/v2\/types\/post"}],"author":[{"embeddable":true,"href":"http:\/\/argentinamunicipal.com.ar\/argentina\/wp-json\/wp\/v2\/users\/2"}],"replies":[{"embeddable":true,"href":"http:\/\/argentinamunicipal.com.ar\/argentina\/wp-json\/wp\/v2\/comments?post=123577"}],"version-history":[{"count":0,"href":"http:\/\/argentinamunicipal.com.ar\/argentina\/wp-json\/wp\/v2\/posts\/123577\/revisions"}],"wp:featuredmedia":[{"embeddable":true,"href":"http:\/\/argentinamunicipal.com.ar\/argentina\/wp-json\/wp\/v2\/media\/123578"}],"wp:attachment":[{"href":"http:\/\/argentinamunicipal.com.ar\/argentina\/wp-json\/wp\/v2\/media?parent=123577"}],"wp:term":[{"taxonomy":"category","embeddable":true,"href":"http:\/\/argentinamunicipal.com.ar\/argentina\/wp-json\/wp\/v2\/categories?post=123577"},{"taxonomy":"post_tag","embeddable":true,"href":"http:\/\/argentinamunicipal.com.ar\/argentina\/wp-json\/wp\/v2\/tags?post=123577"}],"curies":[{"name":"wp","href":"https:\/\/api.w.org\/{rel}","templated":true}]}}