{"id":123703,"date":"2022-03-08T05:25:51","date_gmt":"2022-03-08T08:25:51","guid":{"rendered":"http:\/\/argentinamunicipal.com.ar\/argentina\/?p=123703"},"modified":"2022-03-07T21:08:58","modified_gmt":"2022-03-08T00:08:58","slug":"el-gobierno-de-mendoza-acepto-una-donacion-de-estados-unidos-de-39-duplas-para-ampliar-el-metrotranvia","status":"publish","type":"post","link":"http:\/\/argentinamunicipal.com.ar\/argentina\/el-gobierno-de-mendoza-acepto-una-donacion-de-estados-unidos-de-39-duplas-para-ampliar-el-metrotranvia\/","title":{"rendered":"El Gobierno de Mendoza acept\u00f3 una donaci\u00f3n de Estados Unidos de 39 duplas para ampliar el Metrotranv\u00eda"},"content":{"rendered":"<p>Seg\u00fan indicaron desde la Secretar\u00eda de Servicios P\u00fablicos, es apenas el inicio de un tr\u00e1mite del que a\u00fan no se conocen los costos que deber\u00e1 afrontar la Provincia<\/p>\n<p>La Secretar\u00eda de\u00a0Servicios P\u00fablicos acept\u00f3 la donaci\u00f3n del San Diego Metropolitan Transit System (MTS), de Estados Unidos, de 39 carros de riel largo\u00a0usados para ser destinados a la\u00a0ampliaci\u00f3n del Metrotranv\u00eda\u00a0de Mendoza.<\/p>\n<p>La donaci\u00f3n est\u00e1 valuada en algo m\u00e1s de $4 millones aunque los costos correspondientes al desarme de cada dupla para su env\u00edo por parte de personal de MTS, como tambi\u00e9n los gastos de transporte, seguros y ensamblaje en Mendoza estar\u00e1n a cargo de la Provincia.<\/p>\n<p>Seg\u00fan indicaron desde el Gobierno a Diario UNO,\u00a0esos montos a\u00fan no han sido determinados\u00a0as\u00ed como tampoco los tiempos que demandar\u00e1 el traslado de las unidades hacia la Argentina.<\/p>\n<p>La autorizaci\u00f3n fue dada a conocer este lunes mediante la publicaci\u00f3n del decreto 192\/2022 en el Bolet\u00edn Oficial, firmada por el ministro de Planificaci\u00f3n y Infraestructura, Mario Isgro, y el gobernador Rodolfo Suarez.<\/p>\n<p>El propio gobernador asegura en los argumentos de la norma que \u00ablas duplas ser\u00e1n aplicadas al servicio regular del Metro Tranv\u00eda Mendoza (MTM) operado por la Sociedad de Transporte de Mendoza S.A.U.P.E.\u00bb.<\/p>\n<p>Natalio Mema indic\u00f3 cuando la empresa estadounidense ofreci\u00f3 la donaci\u00f3n: \u00abLas y los mendocinos deben saber que el Gobierno provincial no destinar\u00e1 ning\u00fan dinero a estas unidades, ya que son enteramente donadas por las autoridades de San Diego\u00bb que renovar\u00e1n su parque automotor.<\/p>\n<p>Con la donaci\u00f3n a punto de concretarse las expectativas de tener m\u00e1s kil\u00f3metros de v\u00edas que conecten el Aeropuerto y Luj\u00e1n de Cuyo son cada vez m\u00e1s altas.<\/p>\n<p><strong>C\u00f3mo van a traer las 39 duplas a Mendoza<\/strong><br \/>\nSeg\u00fan cont\u00f3 Mema en noviembre pasado, una vez que se culmine la etapa de tr\u00e1mites relativos a la donaci\u00f3n propiamente dicha, se proceder\u00e1 a los\u00a0tr\u00e1mites aduaneros. Para poder hacer frente al ingreso de las duplas al pa\u00eds,\u00a0se necesitar\u00e1 adem\u00e1s la autorizaci\u00f3n del Presidente Alberto Fern\u00e1ndez\u00a0y llamar a licitaci\u00f3n para contratar el flete que se haga cargo de la operaci\u00f3n.<\/p>\n<p>Si bien hoy no se habla de plazos, en aquel momento\u00a0Mema anticipaba que esperaban tener la flota de unidades a mediados del 2022 en Mendoza.<\/p>\n<p>Actualmente, el sistema de Metrotranv\u00eda en la provincia cuenta con diez duplas (20 carros o vagones). \u00abCreemos que, con esta nueva inversi\u00f3n, duplicaremos la mano de obra. Ni hablar de la ampliaci\u00f3n de kil\u00f3metros que se tienen previstos. Nuestra idea es ampliar a\u00fan m\u00e1s la red, que conecte al este, al oeste y sur de la provincia\u00bb, dec\u00eda el funcionario.<\/p>\n<p>Entre las opciones para el traslado, dec\u00eda Mema que podr\u00edan arribar a Puerto Angamos (Chile) y desde ah\u00ed ser movilizadas hasta el paso de Jama en Jujuy para luego ser trasladadas en cami\u00f3n hasta Mendoza. Pero la alternativa, quiz\u00e1s la m\u00e1s viable, es que lleguen al puerto de San Antonio (Chile).<\/p>\n<p>El \u00faltimo viaje de unidades -de siete duplas- tuvo un costo de 2,5 millones de d\u00f3lares.<\/p>\n<h6>Fuente: Uno<\/h6>\n","protected":false},"excerpt":{"rendered":"<p>Seg\u00fan indicaron desde la Secretar\u00eda de Servicios P\u00fablicos, es apenas el inicio de un tr\u00e1mite del que a\u00fan no se conocen los costos que deber\u00e1 afrontar la Provincia<\/p>\n","protected":false},"author":2,"featured_media":123705,"comment_status":"closed","ping_status":"closed","sticky":false,"template":"","format":"standard","meta":{"footnotes":""},"categories":[2],"tags":[31],"class_list":["post-123703","post","type-post","status-publish","format-standard","has-post-thumbnail","hentry","category-informe-municipal","tag-mendoza"],"_links":{"self":[{"href":"http:\/\/argentinamunicipal.com.ar\/argentina\/wp-json\/wp\/v2\/posts\/123703","targetHints":{"allow":["GET"]}}],"collection":[{"href":"http:\/\/argentinamunicipal.com.ar\/argentina\/wp-json\/wp\/v2\/posts"}],"about":[{"href":"http:\/\/argentinamunicipal.com.ar\/argentina\/wp-json\/wp\/v2\/types\/post"}],"author":[{"embeddable":true,"href":"http:\/\/argentinamunicipal.com.ar\/argentina\/wp-json\/wp\/v2\/users\/2"}],"replies":[{"embeddable":true,"href":"http:\/\/argentinamunicipal.com.ar\/argentina\/wp-json\/wp\/v2\/comments?post=123703"}],"version-history":[{"count":0,"href":"http:\/\/argentinamunicipal.com.ar\/argentina\/wp-json\/wp\/v2\/posts\/123703\/revisions"}],"wp:featuredmedia":[{"embeddable":true,"href":"http:\/\/argentinamunicipal.com.ar\/argentina\/wp-json\/wp\/v2\/media\/123705"}],"wp:attachment":[{"href":"http:\/\/argentinamunicipal.com.ar\/argentina\/wp-json\/wp\/v2\/media?parent=123703"}],"wp:term":[{"taxonomy":"category","embeddable":true,"href":"http:\/\/argentinamunicipal.com.ar\/argentina\/wp-json\/wp\/v2\/categories?post=123703"},{"taxonomy":"post_tag","embeddable":true,"href":"http:\/\/argentinamunicipal.com.ar\/argentina\/wp-json\/wp\/v2\/tags?post=123703"}],"curies":[{"name":"wp","href":"https:\/\/api.w.org\/{rel}","templated":true}]}}