{"id":123710,"date":"2022-03-07T21:14:25","date_gmt":"2022-03-08T00:14:25","guid":{"rendered":"http:\/\/argentinamunicipal.com.ar\/argentina\/?p=123710"},"modified":"2022-03-07T21:14:25","modified_gmt":"2022-03-08T00:14:25","slug":"son-mas-de-1-500-los-mendocinos-en-condiciones-de-tramitar-la-jubilacion-de-vinateros","status":"publish","type":"post","link":"http:\/\/argentinamunicipal.com.ar\/argentina\/son-mas-de-1-500-los-mendocinos-en-condiciones-de-tramitar-la-jubilacion-de-vinateros\/","title":{"rendered":"Son m\u00e1s de 1.500 los mendocinos en condiciones de tramitar la jubilaci\u00f3n de vi\u00f1ateros"},"content":{"rendered":"<p>Tras haber sido reglamentada la Ley N\u00b0 27.643 que permite obtener en forma anticipada (a los 57 a\u00f1os) la jubilaci\u00f3n de los vi\u00f1ateros, 1.587 mendocinos ya pueden gestionarla<\/p>\n<p>De un total de 2.250 trabajadores de la actividad, que est\u00e1n en condiciones de acceder a la Jubilaci\u00f3n de Vi\u00f1ateros, 1.587, el 71%, corresponden a Mendoza. La normativa permite anticipadamente gozar del retiro, siempre que tengan m\u00e1s de 57 a\u00f1os y 25 de aportes al sistema.<\/p>\n<p>Reglamentada, y con sus primeros beneficiarios tramit\u00e1ndola, la nueva\u00a0Ley de Jubilaci\u00f3n de Vi\u00f1ateros, que permite a los trabajadores acceder a este beneficio anticipadamente, espera por\u00a01.587 mendocinas y mendocinos\u00a0que cumplen las condiciones:\u00a0haber cumplido 57 a\u00f1os de edad y tener y acreditar 25 a\u00f1os de aporte\u00a0al sistema de jubilaciones. Ya son\u00a0cuatro quienes han iniciado los tr\u00e1mites.<\/p>\n<p>Con una amplia mayor\u00eda en la masa de trabajadores de las vi\u00f1as en Mendoza, actualmente son 12.500 las trabajadoras y los trabajadores registrados en empresas con actividad principal de cultivo de vid para vinificar. En tanto, 2.250 ya tienen la edad para acceder a la jubilaci\u00f3n anticipada: 1.587, el 71 por ciento, trabaja en Mendoza; 533 -el 24%- en San Juan, y el resto en otros puntos del pa\u00eds.<\/p>\n<p>Tanto mujeres como hombres, que hayan cumplido 57 a\u00f1os y tengan 25 a\u00f1os de aportes, pueden jubilarse anticipadamente seg\u00fan la nueva ley.<\/p>\n<p>El\u00a0decreto 99\/22\u00a0reglament\u00f3 este nuevo r\u00e9gimen,\u00a0sancionado en noviembre pasado por el Congreso de la Naci\u00f3n\u00a0a trav\u00e9s de la\u00a0Ley N\u00b0 27.643, que fija la edad de acceso en 57 a\u00f1os indistintamente para mujeres y varones, y la acreditaci\u00f3n de servicios con aportes en 25 a\u00f1os. Asimismo, establece un incremento de 2 puntos porcentuales en la contribuci\u00f3n patronal.<\/p>\n<p>Tiene importantes similitudes con el R\u00e9gimen de Trabajo Agrario (Ley N\u00b0 26.727), porque comparte muchas de las condiciones de tareas que contempla. La ley explica que la vid no encuentra otra forma de ser trabajada que no sea a trav\u00e9s de distintos trabajos manuales de hombres o mujeres, que hacen que el obrero y la obrera de vi\u00f1a transformen su cuerpo en su principal herramienta de trabajo y generan un proceso de desgaste y envejecimiento prematuro en relaci\u00f3n con las condiciones de otras actividades laborales.<\/p>\n<p>Jos\u00e9 Rosales, Joaqu\u00edn Zalazar, Marcelo Arru\u00e9 y Osmar Olea fueron los primeros cuatro trabajadores vi\u00f1ateros de Mendoza que iniciaron el tr\u00e1mite para alcanzar el beneficio de la jubilaci\u00f3n.<\/p>\n<p>En el marco de los festejos vendimiales, este s\u00e1bado la directora ejecutiva de\u00a0ANSES, Fernanda Raverta, present\u00f3 junto a la impulsora de la Ley, la senadora nacional Anabel Fern\u00e1ndez Sagasti, el nuevo R\u00e9gimen Previsional para Obreros y Obreras, Empleados y Empleadas y para Contratistas de Vi\u00f1as en un acto realizado en una finca de Corralitos, Guaymall\u00e9n.<\/p>\n<h6>Fuetne: Uno<\/h6>\n","protected":false},"excerpt":{"rendered":"<p>Tras haber sido reglamentada la Ley N\u00b0 27.643 que permite obtener en forma anticipada (a los 57 a\u00f1os) la jubilaci\u00f3n de los vi\u00f1ateros, 1.587 mendocinos ya pueden gestionarla<\/p>\n","protected":false},"author":2,"featured_media":123711,"comment_status":"closed","ping_status":"closed","sticky":false,"template":"","format":"standard","meta":{"footnotes":""},"categories":[65],"tags":[31],"class_list":["post-123710","post","type-post","status-publish","format-standard","has-post-thumbnail","hentry","category-provincias","tag-mendoza"],"_links":{"self":[{"href":"http:\/\/argentinamunicipal.com.ar\/argentina\/wp-json\/wp\/v2\/posts\/123710","targetHints":{"allow":["GET"]}}],"collection":[{"href":"http:\/\/argentinamunicipal.com.ar\/argentina\/wp-json\/wp\/v2\/posts"}],"about":[{"href":"http:\/\/argentinamunicipal.com.ar\/argentina\/wp-json\/wp\/v2\/types\/post"}],"author":[{"embeddable":true,"href":"http:\/\/argentinamunicipal.com.ar\/argentina\/wp-json\/wp\/v2\/users\/2"}],"replies":[{"embeddable":true,"href":"http:\/\/argentinamunicipal.com.ar\/argentina\/wp-json\/wp\/v2\/comments?post=123710"}],"version-history":[{"count":0,"href":"http:\/\/argentinamunicipal.com.ar\/argentina\/wp-json\/wp\/v2\/posts\/123710\/revisions"}],"wp:featuredmedia":[{"embeddable":true,"href":"http:\/\/argentinamunicipal.com.ar\/argentina\/wp-json\/wp\/v2\/media\/123711"}],"wp:attachment":[{"href":"http:\/\/argentinamunicipal.com.ar\/argentina\/wp-json\/wp\/v2\/media?parent=123710"}],"wp:term":[{"taxonomy":"category","embeddable":true,"href":"http:\/\/argentinamunicipal.com.ar\/argentina\/wp-json\/wp\/v2\/categories?post=123710"},{"taxonomy":"post_tag","embeddable":true,"href":"http:\/\/argentinamunicipal.com.ar\/argentina\/wp-json\/wp\/v2\/tags?post=123710"}],"curies":[{"name":"wp","href":"https:\/\/api.w.org\/{rel}","templated":true}]}}