{"id":123808,"date":"2022-03-09T20:24:59","date_gmt":"2022-03-09T23:24:59","guid":{"rendered":"http:\/\/argentinamunicipal.com.ar\/argentina\/?p=123808"},"modified":"2022-03-09T20:24:59","modified_gmt":"2022-03-09T23:24:59","slug":"el-gobierno-reconocio-que-la-deuda-con-santa-fe-es-de-130-000-millones-e-hizo-una-contraoferta","status":"publish","type":"post","link":"http:\/\/argentinamunicipal.com.ar\/argentina\/el-gobierno-reconocio-que-la-deuda-con-santa-fe-es-de-130-000-millones-e-hizo-una-contraoferta\/","title":{"rendered":"El gobierno reconoci\u00f3 que la deuda con Santa Fe es de 130.000 millones e hizo una contraoferta"},"content":{"rendered":"<p>El jefe de Gabinete, Juan Manzur dijo que el viernes pasado el Gobierno le hizo una contrapropuesta de pago a Santa Fe, aunque admiti\u00f3 que el monto es el que pidi\u00f3 la provincia<\/p>\n<p>El jefe de Gabinete de la Naci\u00f3n, Juan Manzur, reconoci\u00f3 que el monto de la deuda hist\u00f3rica por coparticipaci\u00f3n que Naci\u00f3n con Santa Fe \u00abest\u00e1 en el orden de los 130.000 millones\u00bb, que es la valuaci\u00f3n que hizo la provincia y que le acerc\u00f3 el propio Omar Perotti a Manzur a mediados de diciembre del a\u00f1o pasado. Adem\u00e1s, el funcionario nacional asegur\u00f3 que el viernes 4 de marzo Naci\u00f3n le acerc\u00f3 una contrapropuesta a Santa Fe y que espera llegar a un acuerdo entre esta semana y la que viene.<\/p>\n<p>Ante la pregunta del diputado nacional Roberto Mirabella, el jefe de Gabinete Juan Manzur responde sobre la deuda de Naci\u00f3n con Santa Fe.<\/p>\n<p>Los dichos de Manzur fueron en el marco de la visita a la C\u00e1mara de Diputados que hizo junto a los ministros de Econom\u00eda, Mart\u00edn Guzm\u00e1n; de Desarrollo Productivo, Mat\u00edas Kulfas para despejar dudas sobre el acuerdo con el Fondo Monetario Internacional (FMI). En ese encuentro, el diputado nacional por Santa Fe Roberto Mirabella les pregunt\u00f3 acerca de si ese acuerdo pone en peligro el pago que tiene que hacer el Estado Nacional para saldar la deuda que tiene con la provincia y que ya tiene un fallo firme de la Corte Suprema de la Naci\u00f3n. El funcionario que se encarg\u00f3 de despejar las dudas fue Manzur.<\/p>\n<p>Ante la pregunta del diputado rafaelino, el jefe de Gabinete reconoci\u00f3 que \u00abhay una sentencia de la Corte Suprema de Justicia de la Naci\u00f3n, y que el gobierno nacional, como corresponde, ha aceptado\u00bb. Luego agreg\u00f3: \u00abEstamos hablando de un monto importante, que est\u00e1 en el orden de los 130 mil millones de pesos. Hay una conversaci\u00f3n y una negociaci\u00f3n con el gobernador Omar Perotti y su equipo de colaboradores. La \u00faltima contrapropuesta del gobierno nacional fue el d\u00eda 4 de marzo y esperamos esta semana o la otra poder llegar a un acuerdo, pero est\u00e1 la voluntad y la decisi\u00f3n pol\u00edtica del gobierno nacional de cumplir con la sentencia de la Corte\u00bb.<\/p>\n<p>La deuda que todav\u00eda mantiene el Estado Nacional con Santa Fe por las detracciones de recursos coparticipables supera los $132.000 millones.<\/p>\n<p>Las palabras de Manzur se dieron durante el plenario de la comisi\u00f3n de Presupuesto y Hacienda y Finanzas de la C\u00e1mara de Diputados. Fue en ese encuentro donde Mirabella expres\u00f3 su preocupaci\u00f3n debido a que \u00aben el memor\u00e1ndum de pol\u00edticas econ\u00f3micas y financieras se menciona entre las acciones de reorientaci\u00f3n del gasto, limitar las transferencias discrecionales a las provincias y a las empresas estatales, m\u00e1s all\u00e1 de los recursos puntuales que tiene cada provincia\u00bb.<\/p>\n<p>En ese marco fue que Mirabella pregunt\u00f3 si el acuerdo con el FMI pone en riesgo el pago de la deuda que tiene el gobierno nacional con Santa Fe por los saldos coparticipables. El legislador resalt\u00f3 que la provincia de Santa Fe \u00abexpresa casi el 24% de las exportaciones argentinas\u00bb y que la \u00abprovincia lidera varias cadenas agroalimentarias, agroindustriales del pa\u00eds, en Rosario y el gran Rosario est\u00e1 el mayor puerto oleaginoso exportador del mundo\u00bb. Por eso, indic\u00f3, \u00abagregar previsibilidad y certidumbre para adelante creo que es clave para los agentes econ\u00f3micos y sociales que producen, invierten y generan empleo que es lo que se necesita en argentina, generar divisas\u00bb.<\/p>\n<p>C\u00f3mo se pagar\u00e1 la deuda<br \/>\nEn su exposici\u00f3n en el Congreso por el acuerdo con el FMI, Manzur no brind\u00f3 mayores precisiones acerca de la contraoferta que el gobierno nacional le realiz\u00f3 a Santa Fe. Sin embargo, en el memor\u00e1ndum se establece que \u00abtodo gasto primario (incluidas las multas) que se liquide directamente con bonos o cualquier otra forma de pasivo que no sea efectivo, se registrar\u00e1 como gasto por encima de la l\u00ednea y, por lo tanto, contribuir\u00e1 a una disminuci\u00f3n del saldo primario. Esto excluye la liquidaci\u00f3n de obligaciones previsionales, la coparticipaci\u00f3n de impuestos y la asignaci\u00f3n de gastos, con las provincias y con la Ciudad Aut\u00f3noma de Buenos Aires, relacionados con procesos judiciales cerrados o pendientes al 3 de marzo de 2022, as\u00ed como pagos de atrasos seg\u00fan el Ciadi o fallos arbitrales semajantes\u00bb.<\/p>\n<p>De esa manera, si este punto del proyecto original no se modifica en el Congreso, es casi un hecho que la \u00fanica forma de pago que podr\u00e1 utilizar el gobierno nacional es a trav\u00e9s de bonos. Seg\u00fan las palabras de Manzur, en los pr\u00f3ximos d\u00edas aspira a llegar a un acuerdo con el gobernador Omar Perotti y reci\u00e9n ah\u00ed se conocer\u00e1n los detalles.<\/p>\n<h6>Fuente: Uno<\/h6>\n","protected":false},"excerpt":{"rendered":"<p>El jefe de Gabinete, Juan Manzur dijo que el viernes pasado el Gobierno le hizo una contrapropuesta de pago a Santa Fe, aunque admiti\u00f3 que el monto es el que pidi\u00f3 la provincia<\/p>\n","protected":false},"author":2,"featured_media":123809,"comment_status":"closed","ping_status":"closed","sticky":false,"template":"","format":"standard","meta":{"footnotes":""},"categories":[65],"tags":[10],"class_list":["post-123808","post","type-post","status-publish","format-standard","has-post-thumbnail","hentry","category-provincias","tag-santa-fe"],"_links":{"self":[{"href":"http:\/\/argentinamunicipal.com.ar\/argentina\/wp-json\/wp\/v2\/posts\/123808","targetHints":{"allow":["GET"]}}],"collection":[{"href":"http:\/\/argentinamunicipal.com.ar\/argentina\/wp-json\/wp\/v2\/posts"}],"about":[{"href":"http:\/\/argentinamunicipal.com.ar\/argentina\/wp-json\/wp\/v2\/types\/post"}],"author":[{"embeddable":true,"href":"http:\/\/argentinamunicipal.com.ar\/argentina\/wp-json\/wp\/v2\/users\/2"}],"replies":[{"embeddable":true,"href":"http:\/\/argentinamunicipal.com.ar\/argentina\/wp-json\/wp\/v2\/comments?post=123808"}],"version-history":[{"count":0,"href":"http:\/\/argentinamunicipal.com.ar\/argentina\/wp-json\/wp\/v2\/posts\/123808\/revisions"}],"wp:featuredmedia":[{"embeddable":true,"href":"http:\/\/argentinamunicipal.com.ar\/argentina\/wp-json\/wp\/v2\/media\/123809"}],"wp:attachment":[{"href":"http:\/\/argentinamunicipal.com.ar\/argentina\/wp-json\/wp\/v2\/media?parent=123808"}],"wp:term":[{"taxonomy":"category","embeddable":true,"href":"http:\/\/argentinamunicipal.com.ar\/argentina\/wp-json\/wp\/v2\/categories?post=123808"},{"taxonomy":"post_tag","embeddable":true,"href":"http:\/\/argentinamunicipal.com.ar\/argentina\/wp-json\/wp\/v2\/tags?post=123808"}],"curies":[{"name":"wp","href":"https:\/\/api.w.org\/{rel}","templated":true}]}}