{"id":123821,"date":"2022-03-10T04:00:45","date_gmt":"2022-03-10T07:00:45","guid":{"rendered":"http:\/\/argentinamunicipal.com.ar\/argentina\/?p=123821"},"modified":"2022-03-10T06:30:45","modified_gmt":"2022-03-10T09:30:45","slug":"sin-noticias-de-portezuelo-suarez-celebro-una-obra-de-cloacas-en-malargue-como-historica","status":"publish","type":"post","link":"http:\/\/argentinamunicipal.com.ar\/argentina\/sin-noticias-de-portezuelo-suarez-celebro-una-obra-de-cloacas-en-malargue-como-historica\/","title":{"rendered":"Sin noticias de Portezuelo, Suarez celebr\u00f3 una obra de cloacas en Malarg\u00fce \u00abcomo hist\u00f3rica\u00bb"},"content":{"rendered":"<p>El gobernador Rodolfo Suarez se refiri\u00f3 a esa obra como \u00abun compromiso hist\u00f3rico de m\u00e1s de 20 a\u00f1os con los malarg\u00fcinos\u00bb y el intendente de Malarg\u00fce, Juan Manuel Ojeda, la calific\u00f3 como \u00abla obra m\u00e1s esperada\u00bb<\/p>\n<p>Sin novedades del pedido de laudo presidencial por Portezuelo del Viento, que el gobernador reiter\u00f3 el 21 de febrero pasado, y a\u00fan sin definiciones sobre el cuestionado proyecto del centro de esqu\u00ed de El Azufre, es entendible que el gobernador Rodolfo Suarez celebre lo \u00fanico tangible que tiene a mano para la comuna de Malarg\u00fce: una obra de cloacas.<\/p>\n<p>En su perfil de Twitter, Suarez resalt\u00f3 que se trata de un \u00abcompromiso hist\u00f3rico de m\u00e1s de 20 a\u00f1os con los malarg\u00fcinos\u00bb y para argumentar esa afirmaci\u00f3n precis\u00f3 que \u00aben 14 meses, Malarg\u00fce dejar\u00e1 de ser la \u00fanica cabecera departamental de la provincia sin cloacas. Prometieron esta obra en el 2015. En el 2018 se avanz\u00f3 con el BID para conseguir el financiamiento. En 2019 iniciamos estudios y trabajos t\u00e9cnicos, y se firm\u00f3 el contrato de pr\u00e9stamo\u00bb, se jact\u00f3.<\/p>\n<p>Por su parte, el jefe comunal, Juan Manuel Ojeda la calific\u00f3 como \u00abla obra m\u00e1s esperada\u00bb, mote que m\u00e1s de una vez se us\u00f3 para referirse a la megapresa hidroel\u00e9ctrica de Portezuelo del Viento, que ya est\u00e1 licitada y que espera alguna definici\u00f3n del presidente Alberto Fern\u00e1ndez para avanzar, o no, en la adjudicaci\u00f3n.<\/p>\n<p>Tanto el intendente como el sector empresarial y todo el arco pol\u00edtico malarg\u00fcino han pujado en todos los sentidos para mostrar que aquella megapresa, que La Pampa resiste, es la obra clave para esa comuna, no s\u00f3lo por el aporte energ\u00e9tico, sino tambi\u00e9n por el empleo directo e indirecto que generar\u00eda desde la etapa de la construcci\u00f3n.<\/p>\n<p>Sin embargo, en estos tiempos de indefiniciones y negativas para Malarg\u00fce, es claro que tanto al Gobierno como a la comuna les interesa mostrar esta obra como todo un logro.<\/p>\n<p>Es que por un lado no hay noticias del laudo del presidente y por otro se da un claro cuestionamiento del PJ al centro de esqu\u00ed El Azufre, que se materializ\u00f3 en una nota de la Agencia Nacional de Administraci\u00f3n de Bienes del Estado (AABE) en la que su presidente le ped\u00eda a Rodolfo Suarez que diera marcha atr\u00e1s con la asignaci\u00f3n de 12.000 hect\u00e1reas y llamara a una licitaci\u00f3n p\u00fablica.<\/p>\n<p>Si bien Mendoza rechaz\u00f3 ese pedido la postura pol\u00edtica del Gobierno es que \u00abel proceso para que El Azufre instale o no el centro de esqu\u00ed ha comenzado con la asignaci\u00f3n y en su momento,\u00a0cuando est\u00e9 presentado el proyecto, se le dar\u00e1 intervenci\u00f3n a la Naci\u00f3n\u00a0que, como propietaria de las tierras, puede llamar a licitaci\u00f3n\u00bb.<\/p>\n<p>Bajo el t\u00edtulo de \u00abCumplimos\u00bb, Ojeda invit\u00f3 por Twitter a sus vecinos al inicio de obra que se dio este mi\u00e9rcoles en la sure\u00f1a comuna, a donde viajaron el ministro de Infraestructura, Mario Isgro, y el titular de Aysam, Alejandro Gallego.<\/p>\n<p>Seg\u00fan la informaci\u00f3n que envi\u00f3 Casa de Gobierno, ese sistema de recolecci\u00f3n y tratamiento de efluentes cloacales, beneficiar\u00e1 a m\u00e1s de 22 mil habitantes de la comuna, tiene un presupuesto oficial de $1.108.780.761 y se estima que est\u00e9 terminada en 14 meses.<\/p>\n<p>El sistema consta de la colectora m\u00e1xima cloacal que tiene 630 mil\u00edmetros de di\u00e1metro y 2.115 metros de longitud, una estaci\u00f3n de bombeo en ruta e impulsi\u00f3n de 500 mil\u00edmetros de di\u00e1metro y 3870 metros de extensi\u00f3n hasta el nuevo establecimiento depurador incluido en las obras.<\/p>\n<p>Adem\u00e1s, incorpora las redes terciarias con 548 conexiones domiciliarias en uno de los sectores de la ciudad de Malarg\u00fce que demanda mayor frecuencia de desagote de los pozos absorbentes.<\/p>\n<h6>Fuente: Uno<\/h6>\n","protected":false},"excerpt":{"rendered":"<p>El gobernador Rodolfo Suarez se refiri\u00f3 a esa obra como \u00abun compromiso hist\u00f3rico de m\u00e1s de 20 a\u00f1os con los malarg\u00fcinos\u00bb y el intendente de Malarg\u00fce, Juan Manuel Ojeda, la calific\u00f3 como \u00abla obra m\u00e1s esperada\u00bb<\/p>\n","protected":false},"author":2,"featured_media":123822,"comment_status":"closed","ping_status":"closed","sticky":false,"template":"","format":"standard","meta":{"footnotes":""},"categories":[2],"tags":[31],"class_list":["post-123821","post","type-post","status-publish","format-standard","has-post-thumbnail","hentry","category-informe-municipal","tag-mendoza"],"_links":{"self":[{"href":"http:\/\/argentinamunicipal.com.ar\/argentina\/wp-json\/wp\/v2\/posts\/123821","targetHints":{"allow":["GET"]}}],"collection":[{"href":"http:\/\/argentinamunicipal.com.ar\/argentina\/wp-json\/wp\/v2\/posts"}],"about":[{"href":"http:\/\/argentinamunicipal.com.ar\/argentina\/wp-json\/wp\/v2\/types\/post"}],"author":[{"embeddable":true,"href":"http:\/\/argentinamunicipal.com.ar\/argentina\/wp-json\/wp\/v2\/users\/2"}],"replies":[{"embeddable":true,"href":"http:\/\/argentinamunicipal.com.ar\/argentina\/wp-json\/wp\/v2\/comments?post=123821"}],"version-history":[{"count":0,"href":"http:\/\/argentinamunicipal.com.ar\/argentina\/wp-json\/wp\/v2\/posts\/123821\/revisions"}],"wp:featuredmedia":[{"embeddable":true,"href":"http:\/\/argentinamunicipal.com.ar\/argentina\/wp-json\/wp\/v2\/media\/123822"}],"wp:attachment":[{"href":"http:\/\/argentinamunicipal.com.ar\/argentina\/wp-json\/wp\/v2\/media?parent=123821"}],"wp:term":[{"taxonomy":"category","embeddable":true,"href":"http:\/\/argentinamunicipal.com.ar\/argentina\/wp-json\/wp\/v2\/categories?post=123821"},{"taxonomy":"post_tag","embeddable":true,"href":"http:\/\/argentinamunicipal.com.ar\/argentina\/wp-json\/wp\/v2\/tags?post=123821"}],"curies":[{"name":"wp","href":"https:\/\/api.w.org\/{rel}","templated":true}]}}